{"id":3372,"date":"2023-09-04T09:00:01","date_gmt":"2023-09-04T09:00:01","guid":{"rendered":"https:\/\/new.findnews5.com\/?p=3372"},"modified":"2023-09-04T09:00:02","modified_gmt":"2023-09-04T09:00:02","slug":"skandaloze-librarite-po-fryejne-cmimet-e-librave-nuk-japin-kupon-fiskal-prinderit-ne-hall-te-madh","status":"publish","type":"post","link":"https:\/\/new.findnews5.com\/?p=3372","title":{"rendered":"Skandaloze: Librarit\u00eb po \u201cfryejn\u00eb\u201d \u00e7mimet e librave \u2013 nuk japin kupon fiskal, prind\u00ebrit n\u00eb hall t\u00eb madh"},"content":{"rendered":"<div class=\"78954ae5fa42b68c1393fe3da4998882\" data-index=\"1\" style=\"float: none; margin:0px 0 0px 0; text-align:center;\">\n<div data-type=\"_mgwidget\" data-widget-id=\"1576712\">\r\n<\/div>\r\n<script>(function(w,q){w[q]=w[q]||[];w[q].push([\"_mgc.load\"])})(window,\"_mgq\");\r\n<\/script>\r\n\n<\/div>\n<p>Pak dit\u00eb para fillimit t\u00eb procesit m\u00ebsimor, Ministria e Arsimit njoftoi se shteti m\u00eb nuk do t\u00eb b\u00ebj blerjen dhe shp\u00ebrndarjen e librave, por nj\u00eb gj\u00eb e till\u00eb tani e tutje do t\u00eb ndryshoj\u00eb.<\/p>\n<p>Me vendimin e ri t\u00eb MASHT prind\u00ebrit duhet t\u00eb i blejn\u00eb vet librat, nd\u00ebrsa rimbursimi do t\u00eb u b\u00ebhet nga vet ministria, duke aplikuar n\u00ebp\u00ebrmjet portalit shtet\u00ebror\u00eb e-kosova.<\/p>\n<p>Fill menj\u00ebher\u00eb pas k\u00ebsaj, kan\u00eb shp\u00ebrthyer edhe paknaq\u00ebsit, sidomos nga prind\u00ebrit.<\/p>\n<p>N\u00eb an\u00ebn tjet\u00ebr edhe librarit q\u00eb tani e tutje do t\u00eb I shesin tekstet shkollore, kan\u00eb fillur t\u00eb luajn\u00eb sit \u00eb dojn\u00eb me \u00e7mimet e librave.<\/p>\n<p>N\u00eb redaksi t\u00eb lajminet kan\u00eb arritur ankesa se si librarit\u00eb po i \u201cfryejn\u00eb\u201d \u00e7mimet e librave, dhe prind\u00ebrve po u kushotjn\u00eb shum\u00eb m\u00eb shum\u00eb se shuma e mjete t\u00eb rimbursuara.<\/p>\n<p>Dhe n\u00eb t\u00eb dyja rastet e d\u00ebrguara n\u00eb fatura, shihet vlera t\u00eb larta t\u00eb \u00e7mimeve.<\/p>\n<p>Edhe n\u00eb komuna t\u00eb tjera t\u00eb vendit \u00ebsht\u00eb raportuar p\u00ebr \u201cfryerje\u201d t\u00eb \u00e7mimit t\u00eb librave.<\/p>\n<p>P\u00ebrve\u00e7 k\u00ebsaj n\u00eb disa library t\u00eb qyteteve po b\u00ebhet edhe kaos nga prind t\u00eb shumt\u00eb q\u00eb po shkojn\u00eb aty p\u00ebr tu furnizuar me libra.\/Lajmi.net<\/p>\n\n<div style=\"font-size: 0px; height: 0px; line-height: 0px; margin: 0; padding: 0; clear: both;\"><\/div>","protected":false},"excerpt":{"rendered":"<p>Pak dit\u00eb para fillimit t\u00eb procesit m\u00ebsimor, Ministria e Arsimit njoftoi se shteti m\u00eb nuk do t\u00eb b\u00ebj blerjen dhe shp\u00ebrndarjen e librave, por nj\u00eb gj\u00eb e&#8230; <\/p>\n","protected":false},"author":1,"featured_media":3373,"comment_status":"open","ping_status":"open","sticky":false,"template":"","format":"standard","meta":{"footnotes":""},"categories":[6],"tags":[],"class_list":["post-3372","post","type-post","status-publish","format-standard","has-post-thumbnail","hentry","category-lajme"],"_links":{"self":[{"href":"https:\/\/new.findnews5.com\/index.php?rest_route=\/wp\/v2\/posts\/3372","targetHints":{"allow":["GET"]}}],"collection":[{"href":"https:\/\/new.findnews5.com\/index.php?rest_route=\/wp\/v2\/posts"}],"about":[{"href":"https:\/\/new.findnews5.com\/index.php?rest_route=\/wp\/v2\/types\/post"}],"author":[{"embeddable":true,"href":"https:\/\/new.findnews5.com\/index.php?rest_route=\/wp\/v2\/users\/1"}],"replies":[{"embeddable":true,"href":"https:\/\/new.findnews5.com\/index.php?rest_route=%2Fwp%2Fv2%2Fcomments&post=3372"}],"version-history":[{"count":0,"href":"https:\/\/new.findnews5.com\/index.php?rest_route=\/wp\/v2\/posts\/3372\/revisions"}],"wp:featuredmedia":[{"embeddable":true,"href":"https:\/\/new.findnews5.com\/index.php?rest_route=\/wp\/v2\/media\/3373"}],"wp:attachment":[{"href":"https:\/\/new.findnews5.com\/index.php?rest_route=%2Fwp%2Fv2%2Fmedia&parent=3372"}],"wp:term":[{"taxonomy":"category","embeddable":true,"href":"https:\/\/new.findnews5.com\/index.php?rest_route=%2Fwp%2Fv2%2Fcategories&post=3372"},{"taxonomy":"post_tag","embeddable":true,"href":"https:\/\/new.findnews5.com\/index.php?rest_route=%2Fwp%2Fv2%2Ftags&post=3372"}],"curies":[{"name":"wp","href":"https:\/\/api.w.org\/{rel}","templated":true}]}}