{"id":3357,"date":"2023-09-03T23:22:51","date_gmt":"2023-09-03T23:22:51","guid":{"rendered":"https:\/\/new.findnews5.com\/?p=3357"},"modified":"2023-09-03T23:22:52","modified_gmt":"2023-09-03T23:22:52","slug":"ermal-fejzullahu-ne-gjendje-jo-te-mire-shendetesore","status":"publish","type":"post","link":"https:\/\/new.findnews5.com\/?p=3357","title":{"rendered":"Ermal Fejzullahu n\u00eb gjendje jo t\u00eb mir\u00eb sh\u00ebndet\u00ebsore"},"content":{"rendered":"<div class=\"78954ae5fa42b68c1393fe3da4998882\" data-index=\"1\" style=\"float: none; margin:0px 0 0px 0; text-align:center;\">\n<div data-type=\"_mgwidget\" data-widget-id=\"1576712\">\r\n<\/div>\r\n<script>(function(w,q){w[q]=w[q]||[];w[q].push([\"_mgc.load\"])})(window,\"_mgq\");\r\n<\/script>\r\n\n<\/div>\n<p>Kjo dit\u00eb nuk ka nisur mir\u00eb p\u00ebr Ermal Fejzullahun pasi artisti \u00ebsht\u00eb s\u00ebmur\u00eb dhe p\u00ebr k\u00ebt\u00eb i \u00ebsht\u00eb dashur t\u00eb marr\u00eb edhe nj\u00eb serum.<\/p>\n<p>Ka qen\u00eb vet\u00eb Ermali q\u00eb ka ndar\u00eb n\u00eb Instagram nj\u00eb foto me vigonin n\u00eb krah\u00eb nga sht\u00ebpia e tij.<\/p>\n<p>Ai nuk ka dh\u00ebn\u00eb asnj\u00eb sqarim m\u00eb tep\u00ebr dhe as nuk ka reaguar m\u00eb pas story-t n\u00eb fjal\u00eb.<\/p>\n<p><img loading=\"lazy\" decoding=\"async\" class=\"alignnone size-medium wp-image-3359\" src=\"http:\/\/new.findnews5.com\/wp-content\/uploads\/2023\/09\/req-170x300.jpg\" alt=\"\" width=\"170\" height=\"300\" srcset=\"https:\/\/new.findnews5.com\/wp-content\/uploads\/2023\/09\/req-170x300.jpg 170w, https:\/\/new.findnews5.com\/wp-content\/uploads\/2023\/09\/req-581x1024.jpg 581w, https:\/\/new.findnews5.com\/wp-content\/uploads\/2023\/09\/req-768x1353.jpg 768w, https:\/\/new.findnews5.com\/wp-content\/uploads\/2023\/09\/req.jpg 872w\" sizes=\"auto, (max-width: 170px) 100vw, 170px\" \/><\/p>\n\n<div style=\"font-size: 0px; height: 0px; line-height: 0px; margin: 0; padding: 0; clear: both;\"><\/div>","protected":false},"excerpt":{"rendered":"<p>Kjo dit\u00eb nuk ka nisur mir\u00eb p\u00ebr Ermal Fejzullahun pasi artisti \u00ebsht\u00eb s\u00ebmur\u00eb dhe p\u00ebr k\u00ebt\u00eb i \u00ebsht\u00eb dashur t\u00eb marr\u00eb edhe nj\u00eb serum. Ka qen\u00eb vet\u00eb&#8230; <\/p>\n","protected":false},"author":1,"featured_media":3358,"comment_status":"open","ping_status":"open","sticky":false,"template":"","format":"standard","meta":{"footnotes":""},"categories":[6],"tags":[],"class_list":["post-3357","post","type-post","status-publish","format-standard","has-post-thumbnail","hentry","category-lajme"],"_links":{"self":[{"href":"https:\/\/new.findnews5.com\/index.php?rest_route=\/wp\/v2\/posts\/3357","targetHints":{"allow":["GET"]}}],"collection":[{"href":"https:\/\/new.findnews5.com\/index.php?rest_route=\/wp\/v2\/posts"}],"about":[{"href":"https:\/\/new.findnews5.com\/index.php?rest_route=\/wp\/v2\/types\/post"}],"author":[{"embeddable":true,"href":"https:\/\/new.findnews5.com\/index.php?rest_route=\/wp\/v2\/users\/1"}],"replies":[{"embeddable":true,"href":"https:\/\/new.findnews5.com\/index.php?rest_route=%2Fwp%2Fv2%2Fcomments&post=3357"}],"version-history":[{"count":0,"href":"https:\/\/new.findnews5.com\/index.php?rest_route=\/wp\/v2\/posts\/3357\/revisions"}],"wp:featuredmedia":[{"embeddable":true,"href":"https:\/\/new.findnews5.com\/index.php?rest_route=\/wp\/v2\/media\/3358"}],"wp:attachment":[{"href":"https:\/\/new.findnews5.com\/index.php?rest_route=%2Fwp%2Fv2%2Fmedia&parent=3357"}],"wp:term":[{"taxonomy":"category","embeddable":true,"href":"https:\/\/new.findnews5.com\/index.php?rest_route=%2Fwp%2Fv2%2Fcategories&post=3357"},{"taxonomy":"post_tag","embeddable":true,"href":"https:\/\/new.findnews5.com\/index.php?rest_route=%2Fwp%2Fv2%2Ftags&post=3357"}],"curies":[{"name":"wp","href":"https:\/\/api.w.org\/{rel}","templated":true}]}}