{"id":3354,"date":"2023-09-03T23:18:30","date_gmt":"2023-09-03T23:18:30","guid":{"rendered":"https:\/\/new.findnews5.com\/?p=3354"},"modified":"2023-09-03T23:18:31","modified_gmt":"2023-09-03T23:18:31","slug":"vajtim-ne-plazhin-e-himares-ku-vdiq-16-vjecari-qe-u-perplas-me-jet-ski-te-veshur-me-te-zeza-lule-ne-duar-e-zemrat-e-copetuara","status":"publish","type":"post","link":"https:\/\/new.findnews5.com\/?p=3354","title":{"rendered":"Vajtim n\u00eb plazhin e Himar\u00ebs ku vdiq 16 vjecari q\u00eb u p\u00ebrplas me Jet Ski: T\u00eb veshur me t\u00eb zeza, lule n\u00eb duar e zemrat e cop\u00ebtuara"},"content":{"rendered":"<div class=\"78954ae5fa42b68c1393fe3da4998882\" data-index=\"1\" style=\"float: none; margin:0px 0 0px 0; text-align:center;\">\n<div data-type=\"_mgwidget\" data-widget-id=\"1576712\">\r\n<\/div>\r\n<script>(function(w,q){w[q]=w[q]||[];w[q].push([\"_mgc.load\"])})(window,\"_mgq\");\r\n<\/script>\r\n\n<\/div>\n<p>M\u00eb 15 gusht, 16-vje\u00e7ari Klei Xhaja u p\u00ebrplas me Jet Ski n\u00eb plazhin e Llamanit n\u00eb Himar\u00eb. Pes\u00eb dit\u00eb m\u00eb pas, ai nuk mundi t\u2019ia dilte dhe nd\u00ebrroi jet\u00eb n\u00eb spitalin e Traum\u00ebs.<\/p>\n<p>Familjar\u00ebt e t\u00eb miturit kan\u00eb protestuar sot duke k\u00ebrkuar zbardhjen e ngjarjes dhe drejt\u00ebsi. Ata kan\u00eb hedhur lule n\u00eb det, n\u00eb vendin ku 16-vje\u00e7ari humbi jet\u00ebn.<\/p>\n<p>\u201cKemi ardhur k\u00ebtu n\u00eb vendngjarje p\u00ebr drejt\u00ebsin\u00eb e djalit. Kjo q\u00eb ka ndodhur mos t\u2019i ndodh\u00eb kujt. Duam drejt\u00ebsi deri n\u00eb pik\u00ebn e fundit. N\u00eb qoft\u00eb se nuk marrim drejt\u00ebsi do b\u00ebjm\u00eb vet\u00ebgjyq\u00ebsi\u201d, tha babai i 16-vje\u00e7arit Artur Xhaja.<\/p>\n<p>\u201cDuhet t\u00eb vihet drejt\u00ebsia. I jepet motori f\u00ebmij\u00ebve 16 vje\u00e7 dhe b\u00ebhet ajo q\u00eb u b\u00eb. K\u00ebtu nuk ka as kontroll asgj\u00eb\u201d, deklaroi daja i djalit.<\/p>\n<p>Dit\u00ebn e djeshme, Rigersi, nj\u00ebri prej 4 t\u00eb miturve q\u00eb u p\u00ebrfshin\u00eb n\u00eb aksident rr\u00ebfeu se bashk\u00eb me miqt\u00eb e tij, t\u00eb gjith\u00eb t\u00eb mitur, paguan lek\u00ebt dhe direkt dol\u00ebn xhiro n\u00eb det. Ata nuk u pyet\u00ebn p\u00ebr mosh\u00ebn nga personi i cili ia dha motor\u00ebt.<\/p>\n<p>\u201cDuam t\u00eb marrin nj\u00eb jet ski t\u00eb dalim n\u00eb det t\u00eb b\u00ebjn\u00eb xhiro, askush s\u2019na k\u00ebrkoi as identitet, as patent\u00eb, as mosh\u00ebn, nuk na pyeti askush\u201d, rr\u00ebfen ai.<\/p>\n<p>Ai pranoi se n\u00eb fillim dhan\u00eb d\u00ebshmi t\u00eb rreme n\u00eb polici p\u00ebr shkak t\u00eb presionit q\u00eb mor\u00ebn nga pronari i Jet Skive, t\u00eb cilin e identifikon si Renato Panajoti.<\/p>\n<p>\u201cPolicia erdhi n\u00eb urgjenc\u00eb, aty po flisja me pronarin e Jet Skive. M\u00eb tha q\u00eb me rrezikohet biznesi mund t\u00eb themi se \u00ebsht\u00eb hedhur nga shk\u00ebmbi, nuk kemi \u00e7far\u00eb i b\u00ebjm\u00eb, kjo q\u00eb ndodhi ndodhi. N\u00eb fillim deklaruam se \u00ebsht\u00eb hedhur nga shk\u00ebmbi. Nga trauma s\u2019dinim si t\u00eb vepronim na u shtua dhe pak presioni. Pasi u kthjelluam pak dham\u00eb d\u00ebshmin\u00eb tamam\u201d, tregon ai.<\/p>\n\n<div style=\"font-size: 0px; height: 0px; line-height: 0px; margin: 0; padding: 0; clear: both;\"><\/div>","protected":false},"excerpt":{"rendered":"<p>M\u00eb 15 gusht, 16-vje\u00e7ari Klei Xhaja u p\u00ebrplas me Jet Ski n\u00eb plazhin e Llamanit n\u00eb Himar\u00eb. Pes\u00eb dit\u00eb m\u00eb pas, ai nuk mundi t\u2019ia dilte dhe&#8230; <\/p>\n","protected":false},"author":1,"featured_media":3355,"comment_status":"open","ping_status":"open","sticky":false,"template":"","format":"standard","meta":{"footnotes":""},"categories":[6],"tags":[],"class_list":["post-3354","post","type-post","status-publish","format-standard","has-post-thumbnail","hentry","category-lajme"],"_links":{"self":[{"href":"https:\/\/new.findnews5.com\/index.php?rest_route=\/wp\/v2\/posts\/3354","targetHints":{"allow":["GET"]}}],"collection":[{"href":"https:\/\/new.findnews5.com\/index.php?rest_route=\/wp\/v2\/posts"}],"about":[{"href":"https:\/\/new.findnews5.com\/index.php?rest_route=\/wp\/v2\/types\/post"}],"author":[{"embeddable":true,"href":"https:\/\/new.findnews5.com\/index.php?rest_route=\/wp\/v2\/users\/1"}],"replies":[{"embeddable":true,"href":"https:\/\/new.findnews5.com\/index.php?rest_route=%2Fwp%2Fv2%2Fcomments&post=3354"}],"version-history":[{"count":0,"href":"https:\/\/new.findnews5.com\/index.php?rest_route=\/wp\/v2\/posts\/3354\/revisions"}],"wp:featuredmedia":[{"embeddable":true,"href":"https:\/\/new.findnews5.com\/index.php?rest_route=\/wp\/v2\/media\/3355"}],"wp:attachment":[{"href":"https:\/\/new.findnews5.com\/index.php?rest_route=%2Fwp%2Fv2%2Fmedia&parent=3354"}],"wp:term":[{"taxonomy":"category","embeddable":true,"href":"https:\/\/new.findnews5.com\/index.php?rest_route=%2Fwp%2Fv2%2Fcategories&post=3354"},{"taxonomy":"post_tag","embeddable":true,"href":"https:\/\/new.findnews5.com\/index.php?rest_route=%2Fwp%2Fv2%2Ftags&post=3354"}],"curies":[{"name":"wp","href":"https:\/\/api.w.org\/{rel}","templated":true}]}}