{"id":3350,"date":"2023-09-03T23:14:24","date_gmt":"2023-09-03T23:14:24","guid":{"rendered":"https:\/\/new.findnews5.com\/?p=3350"},"modified":"2023-09-03T23:14:27","modified_gmt":"2023-09-03T23:14:27","slug":"fredi-beleri-befason-te-gjithe-kjo-cfare-eshte-nga-qelia-e-burgut-zbulon-skandalin","status":"publish","type":"post","link":"https:\/\/new.findnews5.com\/?p=3350","title":{"rendered":"Fredi Beleri BEFASON t\u00eb gjith\u00eb! Kjo \u00e7far\u00eb \u00ebsht\u00eb?! Nga qelia e burgut zbulon \u201cskandalin\u201d\u2026"},"content":{"rendered":"<div class=\"78954ae5fa42b68c1393fe3da4998882\" data-index=\"1\" style=\"float: none; margin:0px 0 0px 0; text-align:center;\">\n<div data-type=\"_mgwidget\" data-widget-id=\"1576712\">\r\n<\/div>\r\n<script>(function(w,q){w[q]=w[q]||[];w[q].push([\"_mgc.load\"])})(window,\"_mgq\");\r\n<\/script>\r\n\n<\/div>\n<p>Prej 12 maji, kryebashkiaku i zgjedhur i Himar\u00ebs, Fredi Beleri ndodhet n\u00eb paraburgim pasi u arrestua me urdh\u00ebr t\u00eb SPAK-ut n\u00ebn akuzen e blerjeve t\u00eb votave.<\/p>\n<p>\u00c7\u00ebshtja \u201cBeleri\u201d u b\u00eb shkak t\u00eb krisjes s\u00eb marr\u00ebdh\u00ebnies mes Shqiperise dhe Greqis\u00eb nd\u00ebrsa kryeministri Edi Rama ka p\u00ebrs\u00ebritur se kjo \u00ebsht\u00eb nj\u00eb \u00e7\u00ebshtje e Drejt\u00ebsis\u00eb se re shqiptare dhe nuk mund t\u00eb nderhyje pavaresisht kercenimeve q\u00eb vijn\u00eb nga politikan\u00ebt e Greqis\u00eb.<\/p>\n<p>Se fundmi, Fredi Beleri nga qelia e burgut ka depozituar n\u00eb Prokurorin\u00eb e Posa\u00e7me nj\u00eb padi ndaj ministres s\u00eb Jashtme, Olta Xha\u00e7ka, bashk\u00ebshortit t\u00eb saj Artan Ga\u00e7i si dhe ish-kreut t\u00eb Bashkis\u00eb s\u00eb Himar\u00ebs, Jorgo Goro.<\/p>\n<p>Nga paraburgimi i Durr\u00ebsit, Beleri ka befasuar t\u00eb gjith\u00eb me \u201czbulimin\u201d e tij \u201cgjenial\u201d madje ka hartuar nj\u00eb dosje q\u00eb sipas tij \u201cp\u00ebrb\u00ebn skandal me shfryt\u00ebzimin e tokave n\u00eb m\u00ebnyr\u00eb t\u00eb paligjshme n\u00eb Bashkin\u00eb Himar\u00eb\u201c. Mesa duket Beleri po luan \u00e7do \u201cgur\u201d p\u00ebr t\u00eb shp\u00ebtuar veten e tij duke sulmuar padrejt\u00ebsisht Qeverin\u00eb Rama dhe ministrat e saj.<\/p>\n\n<div style=\"font-size: 0px; height: 0px; line-height: 0px; margin: 0; padding: 0; clear: both;\"><\/div>","protected":false},"excerpt":{"rendered":"<p>Prej 12 maji, kryebashkiaku i zgjedhur i Himar\u00ebs, Fredi Beleri ndodhet n\u00eb paraburgim pasi u arrestua me urdh\u00ebr t\u00eb SPAK-ut n\u00ebn akuzen e blerjeve t\u00eb votave. \u00c7\u00ebshtja&#8230; <\/p>\n","protected":false},"author":1,"featured_media":3351,"comment_status":"open","ping_status":"open","sticky":false,"template":"","format":"standard","meta":{"footnotes":""},"categories":[6],"tags":[],"class_list":["post-3350","post","type-post","status-publish","format-standard","has-post-thumbnail","hentry","category-lajme"],"_links":{"self":[{"href":"https:\/\/new.findnews5.com\/index.php?rest_route=\/wp\/v2\/posts\/3350","targetHints":{"allow":["GET"]}}],"collection":[{"href":"https:\/\/new.findnews5.com\/index.php?rest_route=\/wp\/v2\/posts"}],"about":[{"href":"https:\/\/new.findnews5.com\/index.php?rest_route=\/wp\/v2\/types\/post"}],"author":[{"embeddable":true,"href":"https:\/\/new.findnews5.com\/index.php?rest_route=\/wp\/v2\/users\/1"}],"replies":[{"embeddable":true,"href":"https:\/\/new.findnews5.com\/index.php?rest_route=%2Fwp%2Fv2%2Fcomments&post=3350"}],"version-history":[{"count":0,"href":"https:\/\/new.findnews5.com\/index.php?rest_route=\/wp\/v2\/posts\/3350\/revisions"}],"wp:featuredmedia":[{"embeddable":true,"href":"https:\/\/new.findnews5.com\/index.php?rest_route=\/wp\/v2\/media\/3351"}],"wp:attachment":[{"href":"https:\/\/new.findnews5.com\/index.php?rest_route=%2Fwp%2Fv2%2Fmedia&parent=3350"}],"wp:term":[{"taxonomy":"category","embeddable":true,"href":"https:\/\/new.findnews5.com\/index.php?rest_route=%2Fwp%2Fv2%2Fcategories&post=3350"},{"taxonomy":"post_tag","embeddable":true,"href":"https:\/\/new.findnews5.com\/index.php?rest_route=%2Fwp%2Fv2%2Ftags&post=3350"}],"curies":[{"name":"wp","href":"https:\/\/api.w.org\/{rel}","templated":true}]}}