{"id":3347,"date":"2023-09-03T21:36:36","date_gmt":"2023-09-03T21:36:36","guid":{"rendered":"https:\/\/new.findnews5.com\/?p=3347"},"modified":"2023-09-03T21:36:37","modified_gmt":"2023-09-03T21:36:37","slug":"ky-eshte-48-vjecari-qe-mbeti-i-vrare-ne-prizren-mjeku-konstaton-vdekjen","status":"publish","type":"post","link":"https:\/\/new.findnews5.com\/?p=3347","title":{"rendered":"Ky \u00ebsht\u00eb 48-vje\u00e7ari q\u00eb mbeti i vrar\u00eb n\u00eb Prizren, mjeku konstaton vdekjen"},"content":{"rendered":"<div class=\"78954ae5fa42b68c1393fe3da4998882\" data-index=\"1\" style=\"float: none; margin:0px 0 0px 0; text-align:center;\">\n<div data-type=\"_mgwidget\" data-widget-id=\"1576712\">\r\n<\/div>\r\n<script>(function(w,q){w[q]=w[q]||[];w[q].push([\"_mgc.load\"])})(window,\"_mgq\");\r\n<\/script>\r\n\n<\/div>\n<p>Nj\u00eb person ka mbetur pa shenja jete pasi dyshohet se u privua nga jeta nga nj\u00eb burr\u00eb rreth t\u00eb 50-tave. Burimet e Sinjali nga Prokuroria b\u00ebjn\u00eb t\u00eb ditur se viktima \u00ebsht\u00eb Beqir Morina.<\/p>\n<p>Lajmin p\u00ebr Sinjalin e ka konfirmuar togeri i Policis\u00eb p\u00ebr rajonin e Prizrenit, Shaqir Bytyqi.<\/p>\n<p>\u201cRreth or\u00ebs 18:46 \u00ebsht\u00eb raportuar p\u00ebr t\u00eb sht\u00ebna me arm\u00eb zjarri n\u00eb lagjen Arbana. I dyshuari nga automjeti n\u00eb l\u00ebvizje ka sht\u00ebn\u00eb me arm\u00eb zjarri n\u00eb drejtim t\u00eb nj\u00eb personi tjet\u00ebr. \u00cbsht\u00eb komnstatuar vdekja e viktim\u00ebs n\u00eb vendin e ngjarjes. Viktima \u00ebsht\u00eb mashkull shqiptar i mosh\u00ebs rreth 48 vje\u00e7ar dhe i dyshimti \u00ebsht\u00eb rreth mosh\u00ebs 50-55 vje\u00e7are. I dyshuari \u00ebsht\u00eb n\u00eb k\u00ebrkim nga Policia.<\/p>\n<p>Policia bashk\u00eb me nj\u00ebsin\u00eb e forenzik\u00ebs jan\u00eb n\u00eb vendin e ngjarjes\u201d, tha Bytyqi.<\/p>\n\n<div style=\"font-size: 0px; height: 0px; line-height: 0px; margin: 0; padding: 0; clear: both;\"><\/div>","protected":false},"excerpt":{"rendered":"<p>Nj\u00eb person ka mbetur pa shenja jete pasi dyshohet se u privua nga jeta nga nj\u00eb burr\u00eb rreth t\u00eb 50-tave. Burimet e Sinjali nga Prokuroria b\u00ebjn\u00eb t\u00eb&#8230; <\/p>\n","protected":false},"author":1,"featured_media":3344,"comment_status":"open","ping_status":"open","sticky":false,"template":"","format":"standard","meta":{"footnotes":""},"categories":[6],"tags":[],"class_list":["post-3347","post","type-post","status-publish","format-standard","has-post-thumbnail","hentry","category-lajme"],"_links":{"self":[{"href":"https:\/\/new.findnews5.com\/index.php?rest_route=\/wp\/v2\/posts\/3347","targetHints":{"allow":["GET"]}}],"collection":[{"href":"https:\/\/new.findnews5.com\/index.php?rest_route=\/wp\/v2\/posts"}],"about":[{"href":"https:\/\/new.findnews5.com\/index.php?rest_route=\/wp\/v2\/types\/post"}],"author":[{"embeddable":true,"href":"https:\/\/new.findnews5.com\/index.php?rest_route=\/wp\/v2\/users\/1"}],"replies":[{"embeddable":true,"href":"https:\/\/new.findnews5.com\/index.php?rest_route=%2Fwp%2Fv2%2Fcomments&post=3347"}],"version-history":[{"count":0,"href":"https:\/\/new.findnews5.com\/index.php?rest_route=\/wp\/v2\/posts\/3347\/revisions"}],"wp:featuredmedia":[{"embeddable":true,"href":"https:\/\/new.findnews5.com\/index.php?rest_route=\/wp\/v2\/media\/3344"}],"wp:attachment":[{"href":"https:\/\/new.findnews5.com\/index.php?rest_route=%2Fwp%2Fv2%2Fmedia&parent=3347"}],"wp:term":[{"taxonomy":"category","embeddable":true,"href":"https:\/\/new.findnews5.com\/index.php?rest_route=%2Fwp%2Fv2%2Fcategories&post=3347"},{"taxonomy":"post_tag","embeddable":true,"href":"https:\/\/new.findnews5.com\/index.php?rest_route=%2Fwp%2Fv2%2Ftags&post=3347"}],"curies":[{"name":"wp","href":"https:\/\/api.w.org\/{rel}","templated":true}]}}