{"id":3334,"date":"2023-09-03T21:12:55","date_gmt":"2023-09-03T21:12:55","guid":{"rendered":"https:\/\/new.findnews5.com\/?p=3334"},"modified":"2023-09-03T21:12:56","modified_gmt":"2023-09-03T21:12:56","slug":"qytetari-gjen-kuleten-e-19-vjecarit-ne-aeroportin-e-prishtines-e-kerkon-ne-internet-qe-tia-dorezoje","status":"publish","type":"post","link":"https:\/\/new.findnews5.com\/?p=3334","title":{"rendered":"Qytetari gjen kulet\u00ebn e 19-vje\u00e7arit n\u00eb aeroportin e Prishtin\u00ebs, e k\u00ebrkon n\u00eb internet q\u00eb t\u2019ia dor\u00ebzoj\u00eb"},"content":{"rendered":"<div class=\"78954ae5fa42b68c1393fe3da4998882\" data-index=\"1\" style=\"float: none; margin:0px 0 0px 0; text-align:center;\">\n<div data-type=\"_mgwidget\" data-widget-id=\"1576712\">\r\n<\/div>\r\n<script>(function(w,q){w[q]=w[q]||[];w[q].push([\"_mgc.load\"])})(window,\"_mgq\");\r\n<\/script>\r\n\n<\/div>\n<p>Pak or\u00eb m\u00eb par\u00eb, nj\u00eb qytetar ka gjetur kulet\u00ebn e nj\u00eb 19-vje\u00e7ari n\u00eb aeroportin e Prishtin\u00ebs \u201cAdem Jashari\u201d, ku si\u00e7 shihet n\u00eb pamjet t\u00eb cilat i ka b\u00ebr\u00eb vet\u00eb publike, kuleta brenda posedonte nj\u00eb shum\u00eb t\u00eb konsiderueshme parash, dhe disa dokumente.<\/p>\n<p>Pas gjetjes s\u00eb saj, qytetari i ka b\u00ebr\u00eb thirrje t\u00eb gjith\u00eb atyre q\u00eb e njohin 19-vje\u00e7arin, ta lajm\u00ebrojn\u00eb duke e kontaktuar n\u00eb mesazh privat.<\/p>\n<p>\u201cSot, rreth or\u00ebs 20:30, n\u00eb aeroportin e Prishtin\u00ebs, e kam gjetur kulet\u00ebn e Enes Kryeziut me date te lindjes 25.11.2004, me dokumentet dhe parat\u00eb. Ju lutem, n\u00ebse dikush e njeh Enesin, t\u00eb m\u00eb lajm\u00ebroj\u00eb dhe t\u00eb m\u00eb kontaktoj\u00eb n\u00eb mesazh privat\u201d, shkroi ai n\u00eb grupin \u201cNetwork Prishtina\u201d.<\/p>\n\n<div style=\"font-size: 0px; height: 0px; line-height: 0px; margin: 0; padding: 0; clear: both;\"><\/div>","protected":false},"excerpt":{"rendered":"<p>Pak or\u00eb m\u00eb par\u00eb, nj\u00eb qytetar ka gjetur kulet\u00ebn e nj\u00eb 19-vje\u00e7ari n\u00eb aeroportin e Prishtin\u00ebs \u201cAdem Jashari\u201d, ku si\u00e7 shihet n\u00eb pamjet t\u00eb cilat i ka&#8230; <\/p>\n","protected":false},"author":1,"featured_media":3335,"comment_status":"open","ping_status":"open","sticky":false,"template":"","format":"standard","meta":{"footnotes":""},"categories":[6],"tags":[],"class_list":["post-3334","post","type-post","status-publish","format-standard","has-post-thumbnail","hentry","category-lajme"],"_links":{"self":[{"href":"https:\/\/new.findnews5.com\/index.php?rest_route=\/wp\/v2\/posts\/3334","targetHints":{"allow":["GET"]}}],"collection":[{"href":"https:\/\/new.findnews5.com\/index.php?rest_route=\/wp\/v2\/posts"}],"about":[{"href":"https:\/\/new.findnews5.com\/index.php?rest_route=\/wp\/v2\/types\/post"}],"author":[{"embeddable":true,"href":"https:\/\/new.findnews5.com\/index.php?rest_route=\/wp\/v2\/users\/1"}],"replies":[{"embeddable":true,"href":"https:\/\/new.findnews5.com\/index.php?rest_route=%2Fwp%2Fv2%2Fcomments&post=3334"}],"version-history":[{"count":0,"href":"https:\/\/new.findnews5.com\/index.php?rest_route=\/wp\/v2\/posts\/3334\/revisions"}],"wp:featuredmedia":[{"embeddable":true,"href":"https:\/\/new.findnews5.com\/index.php?rest_route=\/wp\/v2\/media\/3335"}],"wp:attachment":[{"href":"https:\/\/new.findnews5.com\/index.php?rest_route=%2Fwp%2Fv2%2Fmedia&parent=3334"}],"wp:term":[{"taxonomy":"category","embeddable":true,"href":"https:\/\/new.findnews5.com\/index.php?rest_route=%2Fwp%2Fv2%2Fcategories&post=3334"},{"taxonomy":"post_tag","embeddable":true,"href":"https:\/\/new.findnews5.com\/index.php?rest_route=%2Fwp%2Fv2%2Ftags&post=3334"}],"curies":[{"name":"wp","href":"https:\/\/api.w.org\/{rel}","templated":true}]}}