{"id":3331,"date":"2023-09-03T21:05:53","date_gmt":"2023-09-03T21:05:53","guid":{"rendered":"https:\/\/new.findnews5.com\/?p=3331"},"modified":"2023-09-03T21:05:54","modified_gmt":"2023-09-03T21:05:54","slug":"keshtu-mun-te-subvencionoheni-me-70e-nese-e-qoni-femijen-ne-qerdhe-private","status":"publish","type":"post","link":"https:\/\/new.findnews5.com\/?p=3331","title":{"rendered":"K\u00ebshtu mun te subvencionoheni me 70\u20ac n\u00ebse e qoni femijen ne qerdhe private"},"content":{"rendered":"<div class=\"78954ae5fa42b68c1393fe3da4998882\" data-index=\"1\" style=\"float: none; margin:0px 0 0px 0; text-align:center;\">\n<div data-type=\"_mgwidget\" data-widget-id=\"1576712\">\r\n<\/div>\r\n<script>(function(w,q){w[q]=w[q]||[];w[q].push([\"_mgc.load\"])})(window,\"_mgq\");\r\n<\/script>\r\n\n<\/div>\n<p>Drejtoresha e Arsimit n\u00eb Komun\u00ebn e Prishtin\u00ebs, Besian\u00eb Musmurati, ka b\u00ebr\u00eb t\u00eb ditur se \u00ebsht\u00eb hapur thirrja p\u00ebr subvencionim me nga 70 euro p\u00ebr familjet, t\u00eb cilat duan t\u2019i regjistrojn\u00eb f\u00ebmij\u00ebt e tyre n\u00eb \u00e7erdhe private.<\/p>\n<p>Ajo tha se secila familje e Prishtin\u00ebs q\u00eb t\u00eb hyrat i ka n\u00ebn 500 euro dhe ka f\u00ebmij\u00eb t\u00eb mosh\u00ebs 9 muaj deri n\u00eb 6 vjet, do t\u00eb subvencionohen me 70 euro.<\/p>\n<p>\u201cKemi hapur thirrjen me nga 70 euro p\u00ebr subvencionim p\u00ebr familjet e Prishtin\u00ebs p\u00ebr t\u2019i regjistruar f\u00ebmij\u00ebt n\u00eb \u00e7erdhe private. Kjo \u00ebsht\u00eb metod\u00eb e re q\u00eb t\u00eb rrisim p\u00ebrfshirjen sa m\u00eb t\u00eb madhe t\u00eb f\u00ebmij\u00ebve p\u00ebr edukim t\u00eb hersh\u00ebm. Secila familje e Prishtin\u00ebs q\u00eb t\u00eb hyrat I ka n\u00ebn 500 euro dhe ka f\u00ebmij\u00eb t\u00eb mosh\u00ebs nga 9 muaj deri m\u00eb 6 vjet, subvencionohet me 70 euro p\u00ebr \u00e7do \u00e7erdhe private t\u00eb licencuar\u201d, tha  ajo.<\/p>\n<p>\u201cArsimimi dhe edukimi transformojn\u00eb jet\u00ebt e f\u00ebmij\u00ebve dhe thyejn\u00eb ciklin e varf\u00ebris\u00eb me t\u00eb cilin ballafaqohen shum\u00eb f\u00ebmij\u00eb dhe 6 vitet e para t\u00eb jet\u00ebs jan\u00eb vendimtare. F\u00ebmij\u00ebt m\u00ebsojn\u00eb m\u00eb shum\u00eb gjat\u00eb gjasht\u00eb viteve t\u00eb para t\u00eb jet\u00ebs se sa n\u00eb \u00e7do moment tjet\u00ebr t\u00eb jet\u00ebs s\u00eb tyre\u201d, ka th\u00ebn\u00eb ajo.<\/p>\n<p>M\u00eb tutje, Musmurati ka shtuar se investimi n\u00eb edukimin e f\u00ebmij\u00ebris\u00eb s\u00eb hershme \u00ebsht\u00eb nj\u00eb m\u00ebnyr\u00eb e mir\u00eb p\u00ebr t\u00eb zvog\u00ebluar boshll\u00ebqet q\u00eb shpesh i vendosin f\u00ebmij\u00ebt me status t\u00eb ul\u00ebt social dhe ekonomik n\u00eb disavantazh jet\u00ebsor.<\/p>\n<p>\u201cPrandaj, ky \u00ebsht\u00eb nj\u00eb lajm shum\u00eb i mir\u00eb p\u00ebr prind\u00ebrit e rinj q\u00eb jetojn\u00eb n\u00eb Prishtin\u00eb sepse sado pak ju leht\u00ebson barr\u00ebn financiare t\u00eb edukimit t\u00eb hersh\u00ebm p\u00ebr f\u00ebmij\u00ebt e tyre. Si politik\u00eb e re, ky subvencionim do t\u00eb ndihmoj\u00eb edhe n\u00ebnat e reja q\u00eb t\u00eb hyjn\u00eb n\u00eb tregun e pun\u00ebs sa m\u00eb par\u00eb dhe t\u00eb rrisin p\u00ebrfshirjen e grave n\u00eb tregun e pun\u00ebs\u201d, ka th\u00ebn\u00eb ajo.<\/p>\n<p>Sipas saj, me subvencionimin me nga 70 euro n\u00eb muaj p\u00ebr familjet e Prishtin\u00ebs, do t\u00eb rritet p\u00ebrfshirja e f\u00ebmij\u00ebve n\u00eb \u00e7erdhe dhe edukim t\u00eb hersh\u00ebm dhe pjes\u00ebmarrja e grave n\u00eb tregun e pun\u00ebs, si dhe do t\u00eb leht\u00ebsohet barra financiare p\u00ebr shum\u00eb familje n\u00eb Prishtin\u00eb.<\/p>\n<p>\u201cNe kemi ndar\u00eb 100,000 Euro p\u00ebr financim t\u00eb faz\u00ebs s\u00eb par\u00eb, por var\u00ebsisht nga numri i aplikimeve do t\u00eb rrisim edhe buxhetin. Prandaj i b\u00ebj thirrje t\u00eb gjith\u00eb prind\u00ebrve t\u00eb Prishtin\u00ebs q\u00eb t\u00eb hyrat familjare i kan\u00eb n\u00ebn 500 Euro t\u00eb aplikojn\u00eb n\u00eb thirrjen e hapur p\u00ebr subvencionim, e cila tanim\u00eb \u00ebsht\u00eb n\u00eb uebfaqe t\u00eb Komun\u00ebs s\u00eb Prishtin\u00ebs dhe n\u00eb rrjetet tona sociale\u201d, ka th\u00ebn\u00eb Musmurati.<\/p>\n<p>\u201cArsimimi dhe edukimi transformojn\u00eb jet\u00ebt e f\u00ebmij\u00ebve dhe thyejn\u00eb ciklin e varf\u00ebris\u00eb me t\u00eb cilin ballafaqohen shum\u00eb f\u00ebmij\u00eb dhe 6 vitet e para t\u00eb jet\u00ebs jan\u00eb vendimtare. F\u00ebmij\u00ebt m\u00ebsojn\u00eb m\u00eb shum\u00eb gjat\u00eb gjasht\u00eb viteve t\u00eb para t\u00eb jet\u00ebs se sa n\u00eb \u00e7do moment tjet\u00ebr t\u00eb jet\u00ebs s\u00eb tyre\u201d, ka th\u00ebn\u00eb ajo.<\/p>\n<p>M\u00eb tutje, Musmurati ka shtuar se investimi n\u00eb edukimin e f\u00ebmij\u00ebris\u00eb s\u00eb hershme \u00ebsht\u00eb nj\u00eb m\u00ebnyr\u00eb e mir\u00eb p\u00ebr t\u00eb zvog\u00ebluar boshll\u00ebqet q\u00eb shpesh i vendosin f\u00ebmij\u00ebt me status t\u00eb ul\u00ebt social dhe ekonomik n\u00eb disavantazh jet\u00ebsor.<\/p>\n<p>\u201cPrandaj, ky \u00ebsht\u00eb nj\u00eb lajm shum\u00eb i mir\u00eb p\u00ebr prind\u00ebrit e rinj q\u00eb jetojn\u00eb n\u00eb Prishtin\u00eb sepse sado pak ju leht\u00ebson barr\u00ebn financiare t\u00eb edukimit t\u00eb hersh\u00ebm p\u00ebr f\u00ebmij\u00ebt e tyre. Si politik\u00eb e re, ky subvencionim do t\u00eb ndihmoj\u00eb edhe n\u00ebnat e reja q\u00eb t\u00eb hyjn\u00eb n\u00eb tregun e pun\u00ebs sa m\u00eb par\u00eb dhe t\u00eb rrisin p\u00ebrfshirjen e grave n\u00eb tregun e pun\u00ebs\u201d, ka th\u00ebn\u00eb ajo.<\/p>\n<p>Sipas saj, me subvencionimin me nga 70 euro n\u00eb muaj p\u00ebr familjet e Prishtin\u00ebs, do t\u00eb rritet p\u00ebrfshirja e f\u00ebmij\u00ebve n\u00eb \u00e7erdhe dhe edukim t\u00eb hersh\u00ebm dhe pjes\u00ebmarrja e grave n\u00eb tregun e pun\u00ebs, si dhe do t\u00eb leht\u00ebsohet barra financiare p\u00ebr shum\u00eb familje n\u00eb Prishtin\u00eb.<\/p>\n<p>\u201cNe kemi ndar\u00eb 100,000 Euro p\u00ebr financim t\u00eb faz\u00ebs s\u00eb par\u00eb, por var\u00ebsisht nga numri i aplikimeve do t\u00eb rrisim edhe buxhetin. Prandaj i b\u00ebj thirrje t\u00eb gjith\u00eb prind\u00ebrve t\u00eb Prishtin\u00ebs q\u00eb t\u00eb hyrat familjare i kan\u00eb n\u00ebn 500 Euro t\u00eb aplikojn\u00eb n\u00eb thirrjen e hapur p\u00ebr subvencionim, e cila tanim\u00eb \u00ebsht\u00eb n\u00eb uebfaqe t\u00eb Komun\u00ebs s\u00eb Prishtin\u00ebs dhe n\u00eb rrjetet tona sociale\u201d, ka th\u00ebn\u00eb Musmurati.<\/p>\n\n<div style=\"font-size: 0px; height: 0px; line-height: 0px; margin: 0; padding: 0; clear: both;\"><\/div>","protected":false},"excerpt":{"rendered":"<p>Drejtoresha e Arsimit n\u00eb Komun\u00ebn e Prishtin\u00ebs, Besian\u00eb Musmurati, ka b\u00ebr\u00eb t\u00eb ditur se \u00ebsht\u00eb hapur thirrja p\u00ebr subvencionim me nga 70 euro p\u00ebr familjet, t\u00eb cilat&#8230; <\/p>\n","protected":false},"author":1,"featured_media":3332,"comment_status":"open","ping_status":"open","sticky":false,"template":"","format":"standard","meta":{"footnotes":""},"categories":[6],"tags":[],"class_list":["post-3331","post","type-post","status-publish","format-standard","has-post-thumbnail","hentry","category-lajme"],"_links":{"self":[{"href":"https:\/\/new.findnews5.com\/index.php?rest_route=\/wp\/v2\/posts\/3331","targetHints":{"allow":["GET"]}}],"collection":[{"href":"https:\/\/new.findnews5.com\/index.php?rest_route=\/wp\/v2\/posts"}],"about":[{"href":"https:\/\/new.findnews5.com\/index.php?rest_route=\/wp\/v2\/types\/post"}],"author":[{"embeddable":true,"href":"https:\/\/new.findnews5.com\/index.php?rest_route=\/wp\/v2\/users\/1"}],"replies":[{"embeddable":true,"href":"https:\/\/new.findnews5.com\/index.php?rest_route=%2Fwp%2Fv2%2Fcomments&post=3331"}],"version-history":[{"count":0,"href":"https:\/\/new.findnews5.com\/index.php?rest_route=\/wp\/v2\/posts\/3331\/revisions"}],"wp:featuredmedia":[{"embeddable":true,"href":"https:\/\/new.findnews5.com\/index.php?rest_route=\/wp\/v2\/media\/3332"}],"wp:attachment":[{"href":"https:\/\/new.findnews5.com\/index.php?rest_route=%2Fwp%2Fv2%2Fmedia&parent=3331"}],"wp:term":[{"taxonomy":"category","embeddable":true,"href":"https:\/\/new.findnews5.com\/index.php?rest_route=%2Fwp%2Fv2%2Fcategories&post=3331"},{"taxonomy":"post_tag","embeddable":true,"href":"https:\/\/new.findnews5.com\/index.php?rest_route=%2Fwp%2Fv2%2Ftags&post=3331"}],"curies":[{"name":"wp","href":"https:\/\/api.w.org\/{rel}","templated":true}]}}