{"id":3328,"date":"2023-09-03T21:00:50","date_gmt":"2023-09-03T21:00:50","guid":{"rendered":"https:\/\/new.findnews5.com\/?p=3328"},"modified":"2023-09-03T21:00:51","modified_gmt":"2023-09-03T21:00:51","slug":"bizneset-fillojne-te-punesojne-punetore-nga-nepali-bangladeshi-e-india","status":"publish","type":"post","link":"https:\/\/new.findnews5.com\/?p=3328","title":{"rendered":"Bizneset fillojn\u00eb t\u00eb pun\u00ebsojn\u00eb pun\u00ebtor\u00eb nga Nepali, Bangladeshi e India"},"content":{"rendered":"<div class=\"78954ae5fa42b68c1393fe3da4998882\" data-index=\"1\" style=\"float: none; margin:0px 0 0px 0; text-align:center;\">\n<div data-type=\"_mgwidget\" data-widget-id=\"1576712\">\r\n<\/div>\r\n<script>(function(w,q){w[q]=w[q]||[];w[q].push([\"_mgc.load\"])})(window,\"_mgq\");\r\n<\/script>\r\n\n<\/div>\n<p>Dilemat p\u00ebr largim t\u00eb nj\u00eb pjese t\u00eb pun\u00ebtor\u00ebve nga vendi, nga 1 janar i 2024-s, kur \u00ebsht\u00eb parapar\u00eb t\u00eb liberalizohen vizat, kan\u00eb shtyr\u00eb bizneset q\u00eb t\u00eb gjejn\u00eb alternativa t\u00eb tjera n\u00eb m\u00ebnyr\u00eb q\u00eb t\u00eb mos mbesin pa staf.<\/p>\n<p>Shum\u00eb kompani po merren me procedurat e rekrutimit t\u00eb pun\u00ebtor\u00ebve nga vendet aziatike si Bangladeshi e Nepali.<\/p>\n<p>\u201cDisa biznese ve\u00e7se kan\u00eb filluar t\u00eb kontraktojn\u00eb edhe pun\u00ebtor\u00eb jasht\u00eb vendit, e sidomos pjesa e bizneseve t\u00eb gastronomis\u00eb\u201d, tha Hysen Sogojeva, kryetar i Od\u00ebs s\u00eb Hoteleris\u00eb dhe Turizmit.<\/p>\n<p>Nga Ministria e Pun\u00ebve t\u00eb Jashtme kan\u00eb th\u00ebn\u00eb p\u00ebr emisionin Ekonomiks se nga janari 2022 deri n\u00eb qershor t\u00eb k\u00ebtij viti, kan\u00eb aprovuar 381 viza pune, nd\u00ebrsa 165 jan\u00eb refuzuar.<\/p>\n<p>\u201cM\u00eb s\u00eb shumti k\u00ebrkesa p\u00ebr viza pune n\u00eb Kosov\u00eb jan\u00eb pranuar nga Bangladeshi, India, Nepali, Egjipti Filipinet, Pakistani dhe Bosnja\u201d, kan\u00eb th\u00ebn\u00eb nga MPJD.<\/p>\n<p>Megjithat\u00eb, pun\u00ebsimi i t\u00eb huajve nuk do t\u00eb jet\u00eb nj\u00eb zgjidhje afatgjate p\u00ebr bizneset.<\/p>\n<p>\u201cDuke u bazuar n\u00eb ligjin nr.04\/L-205 p\u00ebr Agjencin\u00eb e Pun\u00ebsimit t\u00eb Kosov\u00ebs, Agjencia ka mandat t\u00eb l\u00ebshoj\u00eb vet\u00ebm leje pune afatshkurtra p\u00ebr t\u00eb huajt, deri n\u00eb 90 dit\u00eb brenda \u00e7do periudhe prej 180 dit\u00ebve brenda 1 viti\u201d.<\/p>\n<p>\u201cKosova nuk ka ndonj\u00eb ligj t\u00eb ve\u00e7ant\u00eb p\u00ebr k\u00ebt\u00eb \u00e7\u00ebshtje sa i p\u00ebrket ardhjes s\u00eb pun\u00ebtor\u00ebve nga jasht\u00eb\u201d, tha Sami Istrefi, njoh\u00ebs i \u00e7\u00ebshtjeve juridike.<\/p>\n<p>Por, si shkojn\u00eb procedurat p\u00ebr rekrutimin e k\u00ebtyre pun\u00ebtor\u00ebve tregoi, Zana Beqiri, drejtoresh\u00eb ekzekutive e Dhom\u00ebs s\u00eb Tregtis\u00eb dhe Industris\u00eb.<\/p>\n<p>\u201cMigrimi afatshkurt\u00ebr \u00ebsht\u00eb i mundsh\u00ebm. \u00cbsht\u00eb i mundsh\u00ebm edhe natyralizimi, pastaj bashkimi familjar dhe \u00ebsht\u00eb i mundsh\u00ebm edhe migrimi p\u00ebr \u00e7\u00ebshtje ekonomike dhe biznesore. Por n\u00eb t\u00eb shumt\u00ebn e rasteve po shohim se binzeset po i pajisin pun\u00ebtor\u00ebt nga jasht\u00eb me viz\u00eb afatgjat\u00eb p\u00ebr biznes dhe me leje q\u00ebndrimi, e cila ua garanton edhe lejen e pun\u00ebs\u201d, tha ajo.<\/p>\n<p>Bizneset disa her\u00eb kan\u00eb ngritur shqet\u00ebsime se po u rrezikohet funksionimi n\u00eb munges\u00eb t\u00eb stafit. Ato druajn\u00eb se pas janarit do t\u00eb jen\u00eb n\u00eb kriz\u00eb p\u00ebr pun\u00ebtor\u00eb, andaj pun\u00ebsimi i t\u00eb huajve shihet si zgjidhje.\/RTK<\/p>\n\n<div style=\"font-size: 0px; height: 0px; line-height: 0px; margin: 0; padding: 0; clear: both;\"><\/div>","protected":false},"excerpt":{"rendered":"<p>Dilemat p\u00ebr largim t\u00eb nj\u00eb pjese t\u00eb pun\u00ebtor\u00ebve nga vendi, nga 1 janar i 2024-s, kur \u00ebsht\u00eb parapar\u00eb t\u00eb liberalizohen vizat, kan\u00eb shtyr\u00eb bizneset q\u00eb t\u00eb gjejn\u00eb&#8230; <\/p>\n","protected":false},"author":1,"featured_media":3329,"comment_status":"open","ping_status":"open","sticky":false,"template":"","format":"standard","meta":{"footnotes":""},"categories":[6],"tags":[],"class_list":["post-3328","post","type-post","status-publish","format-standard","has-post-thumbnail","hentry","category-lajme"],"_links":{"self":[{"href":"https:\/\/new.findnews5.com\/index.php?rest_route=\/wp\/v2\/posts\/3328","targetHints":{"allow":["GET"]}}],"collection":[{"href":"https:\/\/new.findnews5.com\/index.php?rest_route=\/wp\/v2\/posts"}],"about":[{"href":"https:\/\/new.findnews5.com\/index.php?rest_route=\/wp\/v2\/types\/post"}],"author":[{"embeddable":true,"href":"https:\/\/new.findnews5.com\/index.php?rest_route=\/wp\/v2\/users\/1"}],"replies":[{"embeddable":true,"href":"https:\/\/new.findnews5.com\/index.php?rest_route=%2Fwp%2Fv2%2Fcomments&post=3328"}],"version-history":[{"count":0,"href":"https:\/\/new.findnews5.com\/index.php?rest_route=\/wp\/v2\/posts\/3328\/revisions"}],"wp:featuredmedia":[{"embeddable":true,"href":"https:\/\/new.findnews5.com\/index.php?rest_route=\/wp\/v2\/media\/3329"}],"wp:attachment":[{"href":"https:\/\/new.findnews5.com\/index.php?rest_route=%2Fwp%2Fv2%2Fmedia&parent=3328"}],"wp:term":[{"taxonomy":"category","embeddable":true,"href":"https:\/\/new.findnews5.com\/index.php?rest_route=%2Fwp%2Fv2%2Fcategories&post=3328"},{"taxonomy":"post_tag","embeddable":true,"href":"https:\/\/new.findnews5.com\/index.php?rest_route=%2Fwp%2Fv2%2Ftags&post=3328"}],"curies":[{"name":"wp","href":"https:\/\/api.w.org\/{rel}","templated":true}]}}