{"id":3323,"date":"2023-09-03T20:41:26","date_gmt":"2023-09-03T20:41:26","guid":{"rendered":"https:\/\/new.findnews5.com\/?p=3323"},"modified":"2023-09-03T20:41:27","modified_gmt":"2023-09-03T20:41:27","slug":"fero-tani-qe-jam-udhezuar-gruan-e-dua-200-here-me-shume","status":"publish","type":"post","link":"https:\/\/new.findnews5.com\/?p=3323","title":{"rendered":"Fero: Tani qe jam udhezuar, gruan e dua 200 here me shume .."},"content":{"rendered":"<div class=\"78954ae5fa42b68c1393fe3da4998882\" data-index=\"1\" style=\"float: none; margin:0px 0 0px 0; text-align:center;\">\n<div data-type=\"_mgwidget\" data-widget-id=\"1576712\">\r\n<\/div>\r\n<script>(function(w,q){w[q]=w[q]||[];w[q].push([\"_mgc.load\"])})(window,\"_mgq\");\r\n<\/script>\r\n\n<\/div>\n<p>Gj\u00ebrat kan\u00eb ndryshuar pas skandalit q\u00eb p\u00ebrfshiu jav\u00eb m\u00eb par\u00eb reperin Fero dhe Arbenita Ismajlin.<br \/>\nPasi doli nga paraburgimi, Fero b\u00ebri t\u00eb ditur se kishte hequr dor\u00eb nga muzika, e se do i p\u00ebrkushtohej fes\u00eb islame.<\/p>\n<p>S\u00eb fundmi ai ka qen\u00eb i ftuar n\u00eb emision \u201cKojshia Show\u201d, ku nd\u00ebr t\u00eb tjera ai ka treguar se \u00ebsht\u00eb penduar p\u00ebr t\u00eb gjitha veprimet e k\u00ebqija q\u00eb ka b\u00ebr\u00eb.<\/p>\n<p>\u201cNuk \u00ebsht\u00eb turp me k\u00ebrku falje por turp \u00ebsht\u00eb q\u00eb t\u00eb p\u00ebrs\u00ebrit\u00ebsh gabimin. Iu k\u00ebrkoj falje t\u00eb gjith\u00eb njer\u00ebzve q\u00eb iu kam b\u00ebr\u00eb padrejt\u00ebsi.\u201d\u2013 tha artisti.<\/p>\n<p>Teksa gjat\u00eb intervist\u00ebs iu k\u00ebrkoi falje t\u00eb gjith\u00eb personave q\u00eb iu ka b\u00ebr\u00eb padrejt\u00ebsi, Fero u shpreh se tani e do bashk\u00ebshorten e tij 200 her\u00eb m\u00eb shum\u00eb sesa m\u00eb par\u00eb.<\/p>\n<p>\u201cE kam dashur n\u00ebn\u00ebn tim, e kam dashur familjen time. Ndoshta nuk kam ditur se si t\u00eb sillem me familjen time me n\u00ebn\u00ebn tim dhe njer\u00ebzit, por islami tani m\u00eb ka m\u00ebsuar q\u00eb t\u00eb jem shembullor\u00eb. Tani q\u00eb e kam kuptuar fen\u00eb tan\u00eb n\u00ebse n\u00ebn\u00eb time e kam dashur nj\u00eb her\u00eb tani e dua 100 her\u00eb, n\u00ebse gruan time e kam dashur 2 her\u00eb tani e dua 200, n\u00ebse babin tim e kam dashur 3 her\u00eb tani e dua 300 her\u00eb. \u00c7do njeri q\u00eb kam dashur nj\u00eb her\u00eb tani mu ka rritur edhe 100 her\u00eb dashuria p\u00ebr t\u00eb\u201d, \u00ebsht\u00eb shprehur Fero.<\/p>\n<p>Nd\u00ebr t\u00eb tjera artisti rr\u00ebfeu se dit\u00ebn e tret\u00eb t\u00eb q\u00ebndrimit n\u00eb burg ai \u00ebsht\u00eb udh\u00ebzuar nga Allahu q\u00eb t\u00eb b\u00ebhet predikues i fes\u00eb Islame.<\/p>\n<p>\u201cUn jam udh\u00ebzuar n\u00eb burg dit\u00ebn e tret\u00eb. Allahu m\u00eb ka udh\u00ebzuar n\u00eb burg.\u201d\u2013 tha artisti.<\/p>\n\n<div style=\"font-size: 0px; height: 0px; line-height: 0px; margin: 0; padding: 0; clear: both;\"><\/div>","protected":false},"excerpt":{"rendered":"<p>Gj\u00ebrat kan\u00eb ndryshuar pas skandalit q\u00eb p\u00ebrfshiu jav\u00eb m\u00eb par\u00eb reperin Fero dhe Arbenita Ismajlin. Pasi doli nga paraburgimi, Fero b\u00ebri t\u00eb ditur se kishte hequr dor\u00eb&#8230; <\/p>\n","protected":false},"author":1,"featured_media":3325,"comment_status":"open","ping_status":"open","sticky":false,"template":"","format":"standard","meta":{"footnotes":""},"categories":[6],"tags":[],"class_list":["post-3323","post","type-post","status-publish","format-standard","has-post-thumbnail","hentry","category-lajme"],"_links":{"self":[{"href":"https:\/\/new.findnews5.com\/index.php?rest_route=\/wp\/v2\/posts\/3323","targetHints":{"allow":["GET"]}}],"collection":[{"href":"https:\/\/new.findnews5.com\/index.php?rest_route=\/wp\/v2\/posts"}],"about":[{"href":"https:\/\/new.findnews5.com\/index.php?rest_route=\/wp\/v2\/types\/post"}],"author":[{"embeddable":true,"href":"https:\/\/new.findnews5.com\/index.php?rest_route=\/wp\/v2\/users\/1"}],"replies":[{"embeddable":true,"href":"https:\/\/new.findnews5.com\/index.php?rest_route=%2Fwp%2Fv2%2Fcomments&post=3323"}],"version-history":[{"count":0,"href":"https:\/\/new.findnews5.com\/index.php?rest_route=\/wp\/v2\/posts\/3323\/revisions"}],"wp:featuredmedia":[{"embeddable":true,"href":"https:\/\/new.findnews5.com\/index.php?rest_route=\/wp\/v2\/media\/3325"}],"wp:attachment":[{"href":"https:\/\/new.findnews5.com\/index.php?rest_route=%2Fwp%2Fv2%2Fmedia&parent=3323"}],"wp:term":[{"taxonomy":"category","embeddable":true,"href":"https:\/\/new.findnews5.com\/index.php?rest_route=%2Fwp%2Fv2%2Fcategories&post=3323"},{"taxonomy":"post_tag","embeddable":true,"href":"https:\/\/new.findnews5.com\/index.php?rest_route=%2Fwp%2Fv2%2Ftags&post=3323"}],"curies":[{"name":"wp","href":"https:\/\/api.w.org\/{rel}","templated":true}]}}