{"id":3311,"date":"2023-09-03T15:54:48","date_gmt":"2023-09-03T15:54:48","guid":{"rendered":"https:\/\/new.findnews5.com\/?p=3311"},"modified":"2023-09-03T15:54:50","modified_gmt":"2023-09-03T15:54:50","slug":"i-shtruar-ne-reanimacion-si-eshte-sot-gjendja-e-fatos-nanos","status":"publish","type":"post","link":"https:\/\/new.findnews5.com\/?p=3311","title":{"rendered":"I shtruar n\u00eb reanimacion, si \u00ebsht\u00eb sot gjendja e Fatos Nanos\u2026"},"content":{"rendered":"<div class=\"78954ae5fa42b68c1393fe3da4998882\" data-index=\"1\" style=\"float: none; margin:0px 0 0px 0; text-align:center;\">\n<div data-type=\"_mgwidget\" data-widget-id=\"1576712\">\r\n<\/div>\r\n<script>(function(w,q){w[q]=w[q]||[];w[q].push([\"_mgc.load\"])})(window,\"_mgq\");\r\n<\/script>\r\n\n<\/div>\n<p>Pas nd\u00ebrhyrjes kirurgjikale p\u00ebr t\u2019i leht\u00ebsuar frym\u00ebmarrjen, gjendja sh\u00ebndet\u00ebsore e ish-kryeministrit, Fatos Nanos paraqitet e q\u00ebndrueshme. T\u00eb gjitha parametrat jet\u00ebsor\u00eb t\u00eb ish-kryeministrit socialist jan\u00eb t\u00eb q\u00ebndrueshme.<\/p>\n<p>Mjek\u00ebt i kan\u00eb b\u00ebr\u00eb hapje kirurgjikale t\u00eb trakes\u00eb ku kan\u00eb vendosur nj\u00eb tub plastik n\u00eb fyt. Nano vuan nga nj\u00eb s\u00ebmundje Pulmonare Obstruktive Kronike e quajtur ndryshe si SPOK. Kjo patologji q\u00eb prek mushk\u00ebrit\u00eb dhe karakterizohet nga nj\u00eb ngushtim i rrug\u00ebve respiratore me pasoj\u00eb kryesore v\u00ebshtir\u00ebsin\u00eb e furnizimit me oksigjen.<\/p>\n<p>Nano u shoq\u00ebrua me ambulanc\u00eb nga sht\u00ebpia e tij p\u00ebr n\u00eb spital t\u00eb enjten e 24 gushtit 2023, pasi kishte pasur probleme me frym\u00ebmarrjen. Pas v\u00ebshtir\u00ebsive sh\u00ebndet\u00ebsore, Fatos Nano u nderua nga Kryeministri Edi Rama me medaljen e \u201cMir\u00ebnjohjes Publike\u201d.<\/p>\n\n<div style=\"font-size: 0px; height: 0px; line-height: 0px; margin: 0; padding: 0; clear: both;\"><\/div>","protected":false},"excerpt":{"rendered":"<p>Pas nd\u00ebrhyrjes kirurgjikale p\u00ebr t\u2019i leht\u00ebsuar frym\u00ebmarrjen, gjendja sh\u00ebndet\u00ebsore e ish-kryeministrit, Fatos Nanos paraqitet e q\u00ebndrueshme. T\u00eb gjitha parametrat jet\u00ebsor\u00eb t\u00eb ish-kryeministrit socialist jan\u00eb t\u00eb q\u00ebndrueshme. Mjek\u00ebt&#8230; <\/p>\n","protected":false},"author":1,"featured_media":3312,"comment_status":"open","ping_status":"open","sticky":false,"template":"","format":"standard","meta":{"footnotes":""},"categories":[6],"tags":[],"class_list":["post-3311","post","type-post","status-publish","format-standard","has-post-thumbnail","hentry","category-lajme"],"_links":{"self":[{"href":"https:\/\/new.findnews5.com\/index.php?rest_route=\/wp\/v2\/posts\/3311","targetHints":{"allow":["GET"]}}],"collection":[{"href":"https:\/\/new.findnews5.com\/index.php?rest_route=\/wp\/v2\/posts"}],"about":[{"href":"https:\/\/new.findnews5.com\/index.php?rest_route=\/wp\/v2\/types\/post"}],"author":[{"embeddable":true,"href":"https:\/\/new.findnews5.com\/index.php?rest_route=\/wp\/v2\/users\/1"}],"replies":[{"embeddable":true,"href":"https:\/\/new.findnews5.com\/index.php?rest_route=%2Fwp%2Fv2%2Fcomments&post=3311"}],"version-history":[{"count":0,"href":"https:\/\/new.findnews5.com\/index.php?rest_route=\/wp\/v2\/posts\/3311\/revisions"}],"wp:featuredmedia":[{"embeddable":true,"href":"https:\/\/new.findnews5.com\/index.php?rest_route=\/wp\/v2\/media\/3312"}],"wp:attachment":[{"href":"https:\/\/new.findnews5.com\/index.php?rest_route=%2Fwp%2Fv2%2Fmedia&parent=3311"}],"wp:term":[{"taxonomy":"category","embeddable":true,"href":"https:\/\/new.findnews5.com\/index.php?rest_route=%2Fwp%2Fv2%2Fcategories&post=3311"},{"taxonomy":"post_tag","embeddable":true,"href":"https:\/\/new.findnews5.com\/index.php?rest_route=%2Fwp%2Fv2%2Ftags&post=3311"}],"curies":[{"name":"wp","href":"https:\/\/api.w.org\/{rel}","templated":true}]}}