{"id":3308,"date":"2023-09-03T15:52:41","date_gmt":"2023-09-03T15:52:41","guid":{"rendered":"https:\/\/new.findnews5.com\/?p=3308"},"modified":"2023-09-03T15:52:42","modified_gmt":"2023-09-03T15:52:42","slug":"neser-nisin-ethet-rama-gati-per-zhvillime-te-papritura-kush-rrezikon-te-shkarkohet","status":"publish","type":"post","link":"https:\/\/new.findnews5.com\/?p=3308","title":{"rendered":"Nes\u00ebr nisin \u201cEthet\u201d\/ Rama gati p\u00ebr zhvillime t\u00eb papritura! Kush rrezikon t\u00eb shkarkohet\u2026"},"content":{"rendered":"<div class=\"78954ae5fa42b68c1393fe3da4998882\" data-index=\"1\" style=\"float: none; margin:0px 0 0px 0; text-align:center;\">\n<div data-type=\"_mgwidget\" data-widget-id=\"1576712\">\r\n<\/div>\r\n<script>(function(w,q){w[q]=w[q]||[];w[q].push([\"_mgc.load\"])})(window,\"_mgq\");\r\n<\/script>\r\n\n<\/div>\n<p>Zhvillime t\u00eb r\u00ebnd\u00ebsishme pritet t\u00eb sjell\u00eb vjeshta n\u00eb Selin\u00eb Roz\u00eb, nd\u00ebrkoh\u00eb q\u00eb \u2018ethet\u2019 e ndryshimeve n\u00eb kabinetin qeveritar jan\u00eb gjithnj\u00eb e m\u00eb t\u00eb pranishme.<\/p>\n<p>Nes\u00ebr do t\u00eb mbahet Asamblen\u00eb Komb\u00ebtare e Partis\u00eb Socialiste punimet e s\u00eb cil\u00ebs do t\u00eb nisin n\u00eb or\u00ebn 16:30, tek kompleksi \u201cXibraku\u201d n\u00eb Tiran\u00eb.<\/p>\n<p>N\u00eb konferenc\u00ebn e pak dit\u00ebve m\u00eb par\u00eb Rama la t\u00eb hapur mund\u00ebsin\u00eb e riformatimit t\u00eb qeveris\u00eb, e megjithat\u00eb duhet t\u00eb presim Asamblen\u00eb e PS-s\u00eb.<\/p>\n<p>Burime thon\u00eb se Edi Rama po p\u00ebrgatit nj\u00eb kabinet krejt\u00ebsisht t\u00eb ri q\u00eb do t\u2019ja prezantoj\u00eb shqiptar\u00ebve n\u00eb p\u00ebrfundim t\u00eb pushimeve verore me q\u00ebllim nj\u00eb \u201cRilindje 2\u201d.<\/p>\n<p>\u300b Por cil\u00ebt jan\u00eb 5 ministrat q\u00eb sipas mediave rrezikojn\u00eb q\u00eb t\u00eb shkarkohen?<br \/>\n1- Delina Ibrahimaj (Ministre Finance dhe Ekonomie)<br \/>\n2- Olta Xha\u00e7ka (Ministre e Jashtme)<br \/>\n3- Frida Krifca (Ministre Bujq\u00ebsie)<br \/>\n4- Bora Muzhaqi (Ministre e te rinjve dhe Femijeve)<br \/>\n5- Edona Bilali (Minister i Shtetit per Mbrojtjen e Sipermarrjes)<\/p>\n\n<div style=\"font-size: 0px; height: 0px; line-height: 0px; margin: 0; padding: 0; clear: both;\"><\/div>","protected":false},"excerpt":{"rendered":"<p>Zhvillime t\u00eb r\u00ebnd\u00ebsishme pritet t\u00eb sjell\u00eb vjeshta n\u00eb Selin\u00eb Roz\u00eb, nd\u00ebrkoh\u00eb q\u00eb \u2018ethet\u2019 e ndryshimeve n\u00eb kabinetin qeveritar jan\u00eb gjithnj\u00eb e m\u00eb t\u00eb pranishme. Nes\u00ebr do t\u00eb&#8230; <\/p>\n","protected":false},"author":1,"featured_media":3309,"comment_status":"open","ping_status":"open","sticky":false,"template":"","format":"standard","meta":{"footnotes":""},"categories":[6],"tags":[],"class_list":["post-3308","post","type-post","status-publish","format-standard","has-post-thumbnail","hentry","category-lajme"],"_links":{"self":[{"href":"https:\/\/new.findnews5.com\/index.php?rest_route=\/wp\/v2\/posts\/3308","targetHints":{"allow":["GET"]}}],"collection":[{"href":"https:\/\/new.findnews5.com\/index.php?rest_route=\/wp\/v2\/posts"}],"about":[{"href":"https:\/\/new.findnews5.com\/index.php?rest_route=\/wp\/v2\/types\/post"}],"author":[{"embeddable":true,"href":"https:\/\/new.findnews5.com\/index.php?rest_route=\/wp\/v2\/users\/1"}],"replies":[{"embeddable":true,"href":"https:\/\/new.findnews5.com\/index.php?rest_route=%2Fwp%2Fv2%2Fcomments&post=3308"}],"version-history":[{"count":0,"href":"https:\/\/new.findnews5.com\/index.php?rest_route=\/wp\/v2\/posts\/3308\/revisions"}],"wp:featuredmedia":[{"embeddable":true,"href":"https:\/\/new.findnews5.com\/index.php?rest_route=\/wp\/v2\/media\/3309"}],"wp:attachment":[{"href":"https:\/\/new.findnews5.com\/index.php?rest_route=%2Fwp%2Fv2%2Fmedia&parent=3308"}],"wp:term":[{"taxonomy":"category","embeddable":true,"href":"https:\/\/new.findnews5.com\/index.php?rest_route=%2Fwp%2Fv2%2Fcategories&post=3308"},{"taxonomy":"post_tag","embeddable":true,"href":"https:\/\/new.findnews5.com\/index.php?rest_route=%2Fwp%2Fv2%2Ftags&post=3308"}],"curies":[{"name":"wp","href":"https:\/\/api.w.org\/{rel}","templated":true}]}}