{"id":3298,"date":"2023-09-03T10:43:17","date_gmt":"2023-09-03T10:43:17","guid":{"rendered":"https:\/\/new.findnews5.com\/?p=3298"},"modified":"2023-09-03T10:43:18","modified_gmt":"2023-09-03T10:43:18","slug":"kosova-po-zbrazet-mbeti-me-vetem-tre-nxenes-mbyllet-nje-shkolle-fillore","status":"publish","type":"post","link":"https:\/\/new.findnews5.com\/?p=3298","title":{"rendered":"Kosova po zbrazet: Mbeti me vet\u00ebm tre nx\u00ebn\u00ebs, mbyllet nj\u00eb shkoll\u00eb fillore"},"content":{"rendered":"<div class=\"78954ae5fa42b68c1393fe3da4998882\" data-index=\"1\" style=\"float: none; margin:0px 0 0px 0; text-align:center;\">\n<div data-type=\"_mgwidget\" data-widget-id=\"1576712\">\r\n<\/div>\r\n<script>(function(w,q){w[q]=w[q]||[];w[q].push([\"_mgc.load\"])})(window,\"_mgq\");\r\n<\/script>\r\n\n<\/div>\n<p>N\u00eb Ka\u00e7anik, nj\u00eb shkolle i \u00ebsht\u00eb v\u00ebn\u00eb dryni. Mbyllja e saj nuk ka t\u00eb b\u00ebj\u00eb me munges\u00eb kushtesh, por me munges\u00eb nx\u00ebn\u00ebsish.<\/p>\n<p>M\u00ebsuesi Besim Kuqi, shpjegoi ndjenj\u00ebn e r\u00ebnd\u00eb q\u00eb pati m\u00eb 1 shtator nga heshtja p\u00ebrgjithmon\u00eb e ziles n\u00eb shkoll\u00ebn fillore n\u00eb fshatin Kotlin\u00eb.<\/p>\n<p>\u201cShkolla ka qen\u00eb e hapur n\u00eb vitin 1948, por p\u00ebr shkak t\u00eb emigrimit t\u00eb popullat\u00ebs shkolla \u00ebsht\u00eb mbyllur. N\u00eb fshat kan\u00eb mbetur shum\u00eb pak familje dhe ato q\u00eb kan\u00eb mbetur nuk kan\u00eb f\u00ebmij\u00eb p\u00ebr shkoll\u00eb. Momentalisht jan\u00eb vet\u00ebm tre nx\u00ebn\u00ebs, derisa pjesa tjet\u00ebr jan\u00eb shp\u00ebrngulur\u201d, ka deklaruar m\u00ebsuesi Kuqi p\u00ebr transmetuesin publik.<\/p>\n<p>Familjet e k\u00ebtij fshati jan\u00eb shp\u00ebrngulur n\u00eb Ka\u00e7anik, Ferizaj, por edhe jasht\u00eb vendit, duke b\u00ebr\u00eb q\u00eb shkolla t\u00eb mbetet vet\u00ebm me tre nx\u00ebn\u00ebs.<\/p>\n\n<div style=\"font-size: 0px; height: 0px; line-height: 0px; margin: 0; padding: 0; clear: both;\"><\/div>","protected":false},"excerpt":{"rendered":"<p>N\u00eb Ka\u00e7anik, nj\u00eb shkolle i \u00ebsht\u00eb v\u00ebn\u00eb dryni. Mbyllja e saj nuk ka t\u00eb b\u00ebj\u00eb me munges\u00eb kushtesh, por me munges\u00eb nx\u00ebn\u00ebsish. M\u00ebsuesi Besim Kuqi, shpjegoi ndjenj\u00ebn&#8230; <\/p>\n","protected":false},"author":1,"featured_media":3299,"comment_status":"open","ping_status":"open","sticky":false,"template":"","format":"standard","meta":{"footnotes":""},"categories":[6],"tags":[],"class_list":["post-3298","post","type-post","status-publish","format-standard","has-post-thumbnail","hentry","category-lajme"],"_links":{"self":[{"href":"https:\/\/new.findnews5.com\/index.php?rest_route=\/wp\/v2\/posts\/3298","targetHints":{"allow":["GET"]}}],"collection":[{"href":"https:\/\/new.findnews5.com\/index.php?rest_route=\/wp\/v2\/posts"}],"about":[{"href":"https:\/\/new.findnews5.com\/index.php?rest_route=\/wp\/v2\/types\/post"}],"author":[{"embeddable":true,"href":"https:\/\/new.findnews5.com\/index.php?rest_route=\/wp\/v2\/users\/1"}],"replies":[{"embeddable":true,"href":"https:\/\/new.findnews5.com\/index.php?rest_route=%2Fwp%2Fv2%2Fcomments&post=3298"}],"version-history":[{"count":0,"href":"https:\/\/new.findnews5.com\/index.php?rest_route=\/wp\/v2\/posts\/3298\/revisions"}],"wp:featuredmedia":[{"embeddable":true,"href":"https:\/\/new.findnews5.com\/index.php?rest_route=\/wp\/v2\/media\/3299"}],"wp:attachment":[{"href":"https:\/\/new.findnews5.com\/index.php?rest_route=%2Fwp%2Fv2%2Fmedia&parent=3298"}],"wp:term":[{"taxonomy":"category","embeddable":true,"href":"https:\/\/new.findnews5.com\/index.php?rest_route=%2Fwp%2Fv2%2Fcategories&post=3298"},{"taxonomy":"post_tag","embeddable":true,"href":"https:\/\/new.findnews5.com\/index.php?rest_route=%2Fwp%2Fv2%2Ftags&post=3298"}],"curies":[{"name":"wp","href":"https:\/\/api.w.org\/{rel}","templated":true}]}}