{"id":3289,"date":"2023-09-03T09:36:44","date_gmt":"2023-09-03T09:36:44","guid":{"rendered":"https:\/\/new.findnews5.com\/?p=3289"},"modified":"2023-09-03T09:36:45","modified_gmt":"2023-09-03T09:36:45","slug":"skandalizon-moderatorja-kosovare-paraqitet-ne-studio-televizive-me-fustan-transparent-video","status":"publish","type":"post","link":"https:\/\/new.findnews5.com\/?p=3289","title":{"rendered":"Skandalizon moderatorja kosovare, paraqitet n\u00eb studio televizive me fustan transparent \u2013 VIDEO"},"content":{"rendered":"<div class=\"78954ae5fa42b68c1393fe3da4998882\" data-index=\"1\" style=\"float: none; margin:0px 0 0px 0; text-align:center;\">\n<div data-type=\"_mgwidget\" data-widget-id=\"1576712\">\r\n<\/div>\r\n<script>(function(w,q){w[q]=w[q]||[];w[q].push([\"_mgc.load\"])})(window,\"_mgq\");\r\n<\/script>\r\n\n<\/div>\n<p>Nuk jan\u00eb t\u00eb rralla rastet kur qytetar\u00ebt e Kosov\u00ebs kritikojn\u00eb ashp\u00ebr veshjet e moderatoreve televizive, t\u00eb cilat shpeshher\u00eb i cil\u00ebsojn\u00eb si joprofesionale dhe t\u00eb pap\u00ebshtatshme, raporton Gazeta Sinjali.<\/p>\n<p>N\u00eb pak minuta pas p\u00ebrfundimit t\u00eb emisionit \u201cN\u2019mal A n\u2019det\u201d n\u00eb \u201cATV\u201d nj\u00ebra prej moderatoreve ka filluar menj\u00ebher\u00eb t\u00eb kritikohet p\u00ebr paraqitjen e saj n\u00eb k\u00ebt\u00eb episod.<\/p>\n<p>Ajo u pa t\u00eb ket\u00eb dalur me nj\u00eb fustan goxha transparent, t\u00eb cilin e ndihmonin t\u00eb brendshmet p\u00ebr t\u00eb mbuluar pjes\u00ebt intime.<\/p>\n<p><iframe loading=\"lazy\" src=\"https:\/\/www.facebook.com\/plugins\/video.php?height=476&#038;href=https%3A%2F%2Fwww.facebook.com%2FATVKS%2Fvideos%2F2021606608196704%2F&#038;show_text=false&#038;width=380&#038;t=0\" width=\"380\" height=\"476\" style=\"border:none;overflow:hidden\" scrolling=\"no\" frameborder=\"0\" allowfullscreen=\"true\" allow=\"autoplay; clipboard-write; encrypted-media; picture-in-picture; web-share\" allowFullScreen=\"true\"><\/iframe><\/p>\n\n<div style=\"font-size: 0px; height: 0px; line-height: 0px; margin: 0; padding: 0; clear: both;\"><\/div>","protected":false},"excerpt":{"rendered":"<p>Nuk jan\u00eb t\u00eb rralla rastet kur qytetar\u00ebt e Kosov\u00ebs kritikojn\u00eb ashp\u00ebr veshjet e moderatoreve televizive, t\u00eb cilat shpeshher\u00eb i cil\u00ebsojn\u00eb si joprofesionale dhe t\u00eb pap\u00ebshtatshme, raporton Gazeta&#8230; <\/p>\n","protected":false},"author":1,"featured_media":3290,"comment_status":"open","ping_status":"open","sticky":false,"template":"","format":"standard","meta":{"footnotes":""},"categories":[6],"tags":[],"class_list":["post-3289","post","type-post","status-publish","format-standard","has-post-thumbnail","hentry","category-lajme"],"_links":{"self":[{"href":"https:\/\/new.findnews5.com\/index.php?rest_route=\/wp\/v2\/posts\/3289","targetHints":{"allow":["GET"]}}],"collection":[{"href":"https:\/\/new.findnews5.com\/index.php?rest_route=\/wp\/v2\/posts"}],"about":[{"href":"https:\/\/new.findnews5.com\/index.php?rest_route=\/wp\/v2\/types\/post"}],"author":[{"embeddable":true,"href":"https:\/\/new.findnews5.com\/index.php?rest_route=\/wp\/v2\/users\/1"}],"replies":[{"embeddable":true,"href":"https:\/\/new.findnews5.com\/index.php?rest_route=%2Fwp%2Fv2%2Fcomments&post=3289"}],"version-history":[{"count":0,"href":"https:\/\/new.findnews5.com\/index.php?rest_route=\/wp\/v2\/posts\/3289\/revisions"}],"wp:featuredmedia":[{"embeddable":true,"href":"https:\/\/new.findnews5.com\/index.php?rest_route=\/wp\/v2\/media\/3290"}],"wp:attachment":[{"href":"https:\/\/new.findnews5.com\/index.php?rest_route=%2Fwp%2Fv2%2Fmedia&parent=3289"}],"wp:term":[{"taxonomy":"category","embeddable":true,"href":"https:\/\/new.findnews5.com\/index.php?rest_route=%2Fwp%2Fv2%2Fcategories&post=3289"},{"taxonomy":"post_tag","embeddable":true,"href":"https:\/\/new.findnews5.com\/index.php?rest_route=%2Fwp%2Fv2%2Ftags&post=3289"}],"curies":[{"name":"wp","href":"https:\/\/api.w.org\/{rel}","templated":true}]}}