{"id":3283,"date":"2023-09-03T09:24:09","date_gmt":"2023-09-03T09:24:09","guid":{"rendered":"https:\/\/new.findnews5.com\/?p=3283"},"modified":"2023-09-03T09:24:10","modified_gmt":"2023-09-03T09:24:10","slug":"do-ta-hapin-ne-shtator-rama-qe-ne-mengjes-jep-lajmin-e-bukur-ne-tirane","status":"publish","type":"post","link":"https:\/\/new.findnews5.com\/?p=3283","title":{"rendered":"&#8220;Do ta hapin n\u00eb shtator\u201d\/ Rama q\u00eb n\u00eb m\u00ebngjes jep LAJMIN E BUKUR: N\u00eb Tiran\u00eb\u2026"},"content":{"rendered":"<div class=\"78954ae5fa42b68c1393fe3da4998882\" data-index=\"1\" style=\"float: none; margin:0px 0 0px 0; text-align:center;\">\n<div data-type=\"_mgwidget\" data-widget-id=\"1576712\">\r\n<\/div>\r\n<script>(function(w,q){w[q]=w[q]||[];w[q].push([\"_mgc.load\"])})(window,\"_mgq\");\r\n<\/script>\r\n\n<\/div>\n<p>Gjimnazi Besnik Sykja \u00ebsht\u00eb gati p\u00ebr t\u00eb mir\u00ebpritur pas nj\u00eb kohe t\u00eb gjat\u00eb nx\u00ebn\u00ebsit n\u00eb ambientet e reja sipas kushteve t\u00eb Bashkimit Europian.<\/p>\n<p>K\u00ebt\u00eb lajm t\u00eb mir\u00eb e ka dh\u00ebn\u00eb vet\u00eb kryeministri Edi Rama i cili ka publikuar gjithashtu edhe disa foto nga shkolla. Rama ka njoftuar se gjimnazi do t\u00eb jet\u00eb gati n\u00eb shtator dhe do t\u00eb pres\u00eb rreth 1000 nx\u00ebn\u00ebs.<\/p>\n<p>\u201cMir\u00ebm\u00ebngjes  dhe me pun\u00ebn p\u00ebr t\u00eb rilindur gjimnazin \u201cBesnik Sykja\u201d n\u00eb kryeqytet, q\u00eb k\u00ebt\u00eb shtator do t\u00eb jet\u00eb gati p\u00ebr t\u00eb pritur rreth 1000 nx\u00ebn\u00ebs, ju uroj nj\u00eb dit\u00eb t\u00eb mbar\u00eb\u201d, shkroi Rama.<\/p>\n<p>Shkolla e re \u201cBesnik Sykja\u201d do ket\u00eb 27 klasa, laborator\u00eb dhe gjithashtu hap\u00ebsira t\u00eb tjera shum\u00ebfunksionale n\u00eb sh\u00ebrbim t\u00eb nx\u00ebn\u00ebsve dhe stafit t\u00eb m\u00ebsuesve.<\/p>\n\n<div style=\"font-size: 0px; height: 0px; line-height: 0px; margin: 0; padding: 0; clear: both;\"><\/div>","protected":false},"excerpt":{"rendered":"<p>Gjimnazi Besnik Sykja \u00ebsht\u00eb gati p\u00ebr t\u00eb mir\u00ebpritur pas nj\u00eb kohe t\u00eb gjat\u00eb nx\u00ebn\u00ebsit n\u00eb ambientet e reja sipas kushteve t\u00eb Bashkimit Europian. K\u00ebt\u00eb lajm t\u00eb mir\u00eb&#8230; <\/p>\n","protected":false},"author":1,"featured_media":3284,"comment_status":"open","ping_status":"open","sticky":false,"template":"","format":"standard","meta":{"footnotes":""},"categories":[6],"tags":[],"class_list":["post-3283","post","type-post","status-publish","format-standard","has-post-thumbnail","hentry","category-lajme"],"_links":{"self":[{"href":"https:\/\/new.findnews5.com\/index.php?rest_route=\/wp\/v2\/posts\/3283","targetHints":{"allow":["GET"]}}],"collection":[{"href":"https:\/\/new.findnews5.com\/index.php?rest_route=\/wp\/v2\/posts"}],"about":[{"href":"https:\/\/new.findnews5.com\/index.php?rest_route=\/wp\/v2\/types\/post"}],"author":[{"embeddable":true,"href":"https:\/\/new.findnews5.com\/index.php?rest_route=\/wp\/v2\/users\/1"}],"replies":[{"embeddable":true,"href":"https:\/\/new.findnews5.com\/index.php?rest_route=%2Fwp%2Fv2%2Fcomments&post=3283"}],"version-history":[{"count":0,"href":"https:\/\/new.findnews5.com\/index.php?rest_route=\/wp\/v2\/posts\/3283\/revisions"}],"wp:featuredmedia":[{"embeddable":true,"href":"https:\/\/new.findnews5.com\/index.php?rest_route=\/wp\/v2\/media\/3284"}],"wp:attachment":[{"href":"https:\/\/new.findnews5.com\/index.php?rest_route=%2Fwp%2Fv2%2Fmedia&parent=3283"}],"wp:term":[{"taxonomy":"category","embeddable":true,"href":"https:\/\/new.findnews5.com\/index.php?rest_route=%2Fwp%2Fv2%2Fcategories&post=3283"},{"taxonomy":"post_tag","embeddable":true,"href":"https:\/\/new.findnews5.com\/index.php?rest_route=%2Fwp%2Fv2%2Ftags&post=3283"}],"curies":[{"name":"wp","href":"https:\/\/api.w.org\/{rel}","templated":true}]}}