{"id":3279,"date":"2023-09-02T20:41:15","date_gmt":"2023-09-02T20:41:15","guid":{"rendered":"https:\/\/new.findnews5.com\/?p=3279"},"modified":"2023-09-02T20:41:16","modified_gmt":"2023-09-02T20:41:16","slug":"imami-kosovar-thirrje-vajzave-te-mbuluara-mbajeni-me-krenari-shamine-ne-shkolle-mos-keni-frike-nga-askush","status":"publish","type":"post","link":"https:\/\/new.findnews5.com\/?p=3279","title":{"rendered":"Imami kosovar thirrje vajzave t\u00eb mbuluara: Mbajeni me krenari shamin\u00eb n\u00eb shkoll\u00eb, mos keni frik\u00eb nga askush"},"content":{"rendered":"<div class=\"78954ae5fa42b68c1393fe3da4998882\" data-index=\"1\" style=\"float: none; margin:0px 0 0px 0; text-align:center;\">\n<div data-type=\"_mgwidget\" data-widget-id=\"1576712\">\r\n<\/div>\r\n<script>(function(w,q){w[q]=w[q]||[];w[q].push([\"_mgc.load\"])})(window,\"_mgq\");\r\n<\/script>\r\n\n<\/div>\n<p>Imami kosovar Labinot Maliqi ka inkurajuar vajzat t\u00eb cilat jan\u00eb t\u00eb mbuluara, t\u00eb mbajn\u00eb shamin\u00eb me krenari n\u00eb shkoll\u00eb q\u00eb nga dita e nes\u00ebrme.<\/p>\n<p>Ai thot\u00eb se kjo \u00ebsht\u00eb e drejt\u00eb e tyre kushtetuese dhe askush nuk mund t\u2019i privoj nga kjo e drejt\u00eb.<\/p>\n<p>Po ashtu ai ka ftuar prind\u00ebrit q\u00eb ta kontaktojn\u00eb n\u00ebse ndokujt prej vajzave t\u00eb tyre iu shfaqet ndonj\u00eb shqet\u00ebsim nga stafi i shkoll\u00ebs p\u00ebr shkak t\u00eb bartjes s\u00eb shamis\u00eb.<\/p>\n<p><iframe loading=\"lazy\" src=\"https:\/\/www.facebook.com\/plugins\/post.php?href=https%3A%2F%2Fwww.facebook.com%2FLabinotMaliqi%2Fposts%2Fpfbid0mAC2SRbkRNNJoZjgNsd1NE8tAVFAYn1MghHqsLqG1LXoeUVfmm2CUFL4wnigxxryl&#038;show_text=true&#038;width=500\" width=\"500\" height=\"710\" style=\"border:none;overflow:hidden\" scrolling=\"no\" frameborder=\"0\" allowfullscreen=\"true\" allow=\"autoplay; clipboard-write; encrypted-media; picture-in-picture; web-share\"><\/iframe><\/p>\n\n<div style=\"font-size: 0px; height: 0px; line-height: 0px; margin: 0; padding: 0; clear: both;\"><\/div>","protected":false},"excerpt":{"rendered":"<p>Imami kosovar Labinot Maliqi ka inkurajuar vajzat t\u00eb cilat jan\u00eb t\u00eb mbuluara, t\u00eb mbajn\u00eb shamin\u00eb me krenari n\u00eb shkoll\u00eb q\u00eb nga dita e nes\u00ebrme. Ai thot\u00eb se&#8230; <\/p>\n","protected":false},"author":1,"featured_media":3280,"comment_status":"open","ping_status":"open","sticky":false,"template":"","format":"standard","meta":{"footnotes":""},"categories":[6],"tags":[],"class_list":["post-3279","post","type-post","status-publish","format-standard","has-post-thumbnail","hentry","category-lajme"],"_links":{"self":[{"href":"https:\/\/new.findnews5.com\/index.php?rest_route=\/wp\/v2\/posts\/3279","targetHints":{"allow":["GET"]}}],"collection":[{"href":"https:\/\/new.findnews5.com\/index.php?rest_route=\/wp\/v2\/posts"}],"about":[{"href":"https:\/\/new.findnews5.com\/index.php?rest_route=\/wp\/v2\/types\/post"}],"author":[{"embeddable":true,"href":"https:\/\/new.findnews5.com\/index.php?rest_route=\/wp\/v2\/users\/1"}],"replies":[{"embeddable":true,"href":"https:\/\/new.findnews5.com\/index.php?rest_route=%2Fwp%2Fv2%2Fcomments&post=3279"}],"version-history":[{"count":0,"href":"https:\/\/new.findnews5.com\/index.php?rest_route=\/wp\/v2\/posts\/3279\/revisions"}],"wp:featuredmedia":[{"embeddable":true,"href":"https:\/\/new.findnews5.com\/index.php?rest_route=\/wp\/v2\/media\/3280"}],"wp:attachment":[{"href":"https:\/\/new.findnews5.com\/index.php?rest_route=%2Fwp%2Fv2%2Fmedia&parent=3279"}],"wp:term":[{"taxonomy":"category","embeddable":true,"href":"https:\/\/new.findnews5.com\/index.php?rest_route=%2Fwp%2Fv2%2Fcategories&post=3279"},{"taxonomy":"post_tag","embeddable":true,"href":"https:\/\/new.findnews5.com\/index.php?rest_route=%2Fwp%2Fv2%2Ftags&post=3279"}],"curies":[{"name":"wp","href":"https:\/\/api.w.org\/{rel}","templated":true}]}}