{"id":3276,"date":"2023-09-02T20:36:35","date_gmt":"2023-09-02T20:36:35","guid":{"rendered":"https:\/\/new.findnews5.com\/?p=3276"},"modified":"2023-09-02T20:36:36","modified_gmt":"2023-09-02T20:36:36","slug":"e-dhimbshme-ky-eshte-29-vjecari-qe-u-vra-dje-ne-malisheve-mesohet-edhe-motivi","status":"publish","type":"post","link":"https:\/\/new.findnews5.com\/?p=3276","title":{"rendered":"E dhimbshme: Ky \u00ebsht\u00eb 29 vje\u00e7ari q\u00eb u vra dje n\u00eb Malishev\u00eb, m\u00ebsohet edhe motivi"},"content":{"rendered":"<div class=\"78954ae5fa42b68c1393fe3da4998882\" data-index=\"1\" style=\"float: none; margin:0px 0 0px 0; text-align:center;\">\n<div data-type=\"_mgwidget\" data-widget-id=\"1576712\">\r\n<\/div>\r\n<script>(function(w,q){w[q]=w[q]||[];w[q].push([\"_mgc.load\"])})(window,\"_mgq\");\r\n<\/script>\r\n\n<\/div>\n<p>Dje gjat\u00eb dit\u00ebs n\u00eb fshatin Balinc\u00eb t\u00eb Malishev\u00ebs ka mbetur i vrar\u00eb 29-vje\u00e7ari Shkodran Krasniqi.Burime t\u00eb IndeksOnline b\u00ebjn\u00eb t\u00eb ditur se motivi i vrasjes jan\u00eb b\u00ebre drut\u00eb.<\/p>\n<p>Viktima i cili ishte tregtar i druve, kishte shkruar n\u00eb Balinc\u00eb p\u00ebr t\u2019i d\u00ebrguar drut\u00eb t\u00eb dyshuarve tashm\u00eb p\u00ebr vrasje, t\u00eb cil\u00ebt i kishin bler\u00eb.<\/p>\n<p>Sipas burimeve, t\u00eb dyshuarit jan\u00eb v\u00ebllez\u00ebr. Pasi viktima d\u00ebrgoi drut\u00eb n\u00eb oborrin e tyre, v\u00ebllez\u00ebrit dyshuan se nuk ishte sasia e druve p\u00ebr t\u00eb cilin kishin paguar.<\/p>\n<p>Pas disa mosmarr\u00ebveshjeve, ka filluar rrahja e cila m\u00eb pas ka p\u00ebrfunduar m\u00eb vrasjen e 29-vje\u00e7arit.<\/p>\n<p>Nd\u00ebrsa, rastin e ka konfirmuar edhe z\u00ebdh\u00ebn\u00ebsi i Policis\u00eb Rajonale t\u00eb Gjakov\u00ebs, Sheremet Elezaj.<\/p>\n<p>\u201cSot rreth or\u00ebs 13:30 kemi pranuar informat\u00eb se nj\u00eb person mashkull i mosh\u00ebs madhore \u00ebsht\u00eb d\u00ebrguar n\u00eb QKMF Malishev\u00eb, dyshohet t\u00eb jet\u00eb q\u00eblluar me arm\u00eb zjarri n\u00eb fshatin Balinc\u00eb-Malishev\u00eb. Personeli mjek\u00ebsor ka konstatuar vdekja e tij. Nj\u00ebsitet e nevojshme policore ju kan\u00eb p\u00ebrgjigjur rastit si dhe \u00ebsht\u00eb njoftuar prokurori i shtetit i cili ka dal\u00eb n\u00eb vendin e ngjarjes, n\u00eb konsultim me t\u00eb cilin jan\u00eb duke u nd\u00ebrmarr\u00eb t\u00eb gjitha veprimet e nevojshme hetimore. Deri m\u00eb tani lidhur me rastin jan\u00eb arrestuar kat\u00ebr persona t\u00eb cil\u00ebt dyshohen t\u00eb jen\u00eb t\u00eb p\u00ebrfshir\u00eb n\u00eb rast, si dhe \u00ebsht\u00eb konfiskuar nj\u00eb arm\u00eb\u201d, tha Elezaj IndeksOnline<\/p>\n\n<div style=\"font-size: 0px; height: 0px; line-height: 0px; margin: 0; padding: 0; clear: both;\"><\/div>","protected":false},"excerpt":{"rendered":"<p>Dje gjat\u00eb dit\u00ebs n\u00eb fshatin Balinc\u00eb t\u00eb Malishev\u00ebs ka mbetur i vrar\u00eb 29-vje\u00e7ari Shkodran Krasniqi.Burime t\u00eb IndeksOnline b\u00ebjn\u00eb t\u00eb ditur se motivi i vrasjes jan\u00eb b\u00ebre drut\u00eb&#8230;. <\/p>\n","protected":false},"author":1,"featured_media":3277,"comment_status":"open","ping_status":"open","sticky":false,"template":"","format":"standard","meta":{"footnotes":""},"categories":[6],"tags":[],"class_list":["post-3276","post","type-post","status-publish","format-standard","has-post-thumbnail","hentry","category-lajme"],"_links":{"self":[{"href":"https:\/\/new.findnews5.com\/index.php?rest_route=\/wp\/v2\/posts\/3276","targetHints":{"allow":["GET"]}}],"collection":[{"href":"https:\/\/new.findnews5.com\/index.php?rest_route=\/wp\/v2\/posts"}],"about":[{"href":"https:\/\/new.findnews5.com\/index.php?rest_route=\/wp\/v2\/types\/post"}],"author":[{"embeddable":true,"href":"https:\/\/new.findnews5.com\/index.php?rest_route=\/wp\/v2\/users\/1"}],"replies":[{"embeddable":true,"href":"https:\/\/new.findnews5.com\/index.php?rest_route=%2Fwp%2Fv2%2Fcomments&post=3276"}],"version-history":[{"count":0,"href":"https:\/\/new.findnews5.com\/index.php?rest_route=\/wp\/v2\/posts\/3276\/revisions"}],"wp:featuredmedia":[{"embeddable":true,"href":"https:\/\/new.findnews5.com\/index.php?rest_route=\/wp\/v2\/media\/3277"}],"wp:attachment":[{"href":"https:\/\/new.findnews5.com\/index.php?rest_route=%2Fwp%2Fv2%2Fmedia&parent=3276"}],"wp:term":[{"taxonomy":"category","embeddable":true,"href":"https:\/\/new.findnews5.com\/index.php?rest_route=%2Fwp%2Fv2%2Fcategories&post=3276"},{"taxonomy":"post_tag","embeddable":true,"href":"https:\/\/new.findnews5.com\/index.php?rest_route=%2Fwp%2Fv2%2Ftags&post=3276"}],"curies":[{"name":"wp","href":"https:\/\/api.w.org\/{rel}","templated":true}]}}