{"id":3261,"date":"2023-09-02T14:28:30","date_gmt":"2023-09-02T14:28:30","guid":{"rendered":"https:\/\/new.findnews5.com\/?p=3261"},"modified":"2023-09-02T14:30:52","modified_gmt":"2023-09-02T14:30:52","slug":"ky-eshte-23-vjecari-qe-vrau-te-atin-ne-selenice-nuk-duroi-dot-dhunen-qe-vazhdonte-prej-vitesh","status":"publish","type":"post","link":"https:\/\/new.findnews5.com\/?p=3261","title":{"rendered":"Ky \u00ebsht\u00eb 23-vje\u00e7ari q\u00eb vrau t\u00eb atin n\u00eb Selenic\u00eb, nuk duroi dot dhun\u00ebn q\u00eb vazhdonte prej vitesh"},"content":{"rendered":"<div class=\"78954ae5fa42b68c1393fe3da4998882\" data-index=\"1\" style=\"float: none; margin:0px 0 0px 0; text-align:center;\">\n<div data-type=\"_mgwidget\" data-widget-id=\"1576712\">\r\n<\/div>\r\n<script>(function(w,q){w[q]=w[q]||[];w[q].push([\"_mgc.load\"])})(window,\"_mgq\");\r\n<\/script>\r\n\n<\/div>\n<p>Personi q\u00eb shihni n\u00eb foto \u00ebsht\u00eb 23-vje\u00e7ari Mateo Gllucaj, i cili dit\u00ebn e djeshme i mori jet\u00ebn babait t\u00eb tij, Durmish Gllucaj.<\/p>\n<p>Shkak i krimit t\u00eb r\u00ebnd\u00eb \u00ebsht\u00eb dhuna e vazhdueshme q\u00eb 56-vje\u00e7ari ushtronte ndaj t\u00eb riut, aq sa ai vendosi ta hidhte n\u00eb er\u00eb. Gllu\u00e7aj kishte vendosur l\u00ebnd\u00eb eksplosive n\u00eb oborrin e sht\u00ebpis\u00eb pran\u00eb sob\u00ebs dhe n\u00eb momentin kur i ati \u00ebsht\u00eb afruar e ka shp\u00ebrthyer p\u00ebrmes nj\u00eb mekanizmi elektrik.<\/p>\n<p>Dit\u00ebn e djeshme ngjarja u raportua si nj\u00eb aksident, pasi policia dyshoi se shp\u00ebrthimi kishte ndodhur nga bombola e gazit, duke mos dyshuar aspak tek 23-vje\u00e7ari, i cili duket se pas shp\u00ebrthimit i ka zhdukur provat.<\/p>\n<p>Policia i gjeti djalit edhe nj\u00eb artileri arm\u00ebsh, 25 granata dore difensive, 37 kall\u00ebpe me l\u00ebnd\u00eb plas\u00ebse tritol, 43 kapsolla detonatore, 5 ndez\u00ebsa granatash, 1 pushk\u00eb, 310 fishek\u00eb luftarak\u00eb, 12 krehra p\u00ebr arm\u00eb zjarri, 2 radio marr\u00ebse-dh\u00ebn\u00ebse dhe kapu\u00e7a dhe veshje p\u00ebr mbulimin e fytyr\u00ebs.<\/p>\n\n<div style=\"font-size: 0px; height: 0px; line-height: 0px; margin: 0; padding: 0; clear: both;\"><\/div>","protected":false},"excerpt":{"rendered":"<p>Personi q\u00eb shihni n\u00eb foto \u00ebsht\u00eb 23-vje\u00e7ari Mateo Gllucaj, i cili dit\u00ebn e djeshme i mori jet\u00ebn babait t\u00eb tij, Durmish Gllucaj. Shkak i krimit t\u00eb r\u00ebnd\u00eb&#8230; <\/p>\n","protected":false},"author":1,"featured_media":3262,"comment_status":"open","ping_status":"open","sticky":false,"template":"","format":"standard","meta":{"footnotes":""},"categories":[6],"tags":[],"class_list":["post-3261","post","type-post","status-publish","format-standard","has-post-thumbnail","hentry","category-lajme"],"_links":{"self":[{"href":"https:\/\/new.findnews5.com\/index.php?rest_route=\/wp\/v2\/posts\/3261","targetHints":{"allow":["GET"]}}],"collection":[{"href":"https:\/\/new.findnews5.com\/index.php?rest_route=\/wp\/v2\/posts"}],"about":[{"href":"https:\/\/new.findnews5.com\/index.php?rest_route=\/wp\/v2\/types\/post"}],"author":[{"embeddable":true,"href":"https:\/\/new.findnews5.com\/index.php?rest_route=\/wp\/v2\/users\/1"}],"replies":[{"embeddable":true,"href":"https:\/\/new.findnews5.com\/index.php?rest_route=%2Fwp%2Fv2%2Fcomments&post=3261"}],"version-history":[{"count":0,"href":"https:\/\/new.findnews5.com\/index.php?rest_route=\/wp\/v2\/posts\/3261\/revisions"}],"wp:featuredmedia":[{"embeddable":true,"href":"https:\/\/new.findnews5.com\/index.php?rest_route=\/wp\/v2\/media\/3262"}],"wp:attachment":[{"href":"https:\/\/new.findnews5.com\/index.php?rest_route=%2Fwp%2Fv2%2Fmedia&parent=3261"}],"wp:term":[{"taxonomy":"category","embeddable":true,"href":"https:\/\/new.findnews5.com\/index.php?rest_route=%2Fwp%2Fv2%2Fcategories&post=3261"},{"taxonomy":"post_tag","embeddable":true,"href":"https:\/\/new.findnews5.com\/index.php?rest_route=%2Fwp%2Fv2%2Ftags&post=3261"}],"curies":[{"name":"wp","href":"https:\/\/api.w.org\/{rel}","templated":true}]}}