{"id":3224,"date":"2023-09-02T11:07:25","date_gmt":"2023-09-02T11:07:25","guid":{"rendered":"https:\/\/new.findnews5.com\/?p=3224"},"modified":"2023-09-02T11:07:26","modified_gmt":"2023-09-02T11:07:26","slug":"letra-e-fundit-e-hueyda-el-saied-cfare-do-qe-te-ndodhe-sdo-tju-harroj-kurre","status":"publish","type":"post","link":"https:\/\/new.findnews5.com\/?p=3224","title":{"rendered":"Letra e fundit e Hueyda El Saied: \u00c7far\u00eb do q\u00eb t\u00eb ndodh\u00eb, s\u2019do t\u2019ju harroj kurr\u00eb"},"content":{"rendered":"<div class=\"78954ae5fa42b68c1393fe3da4998882\" data-index=\"1\" style=\"float: none; margin:0px 0 0px 0; text-align:center;\">\n<div data-type=\"_mgwidget\" data-widget-id=\"1576712\">\r\n<\/div>\r\n<script>(function(w,q){w[q]=w[q]||[];w[q].push([\"_mgc.load\"])})(window,\"_mgq\");\r\n<\/script>\r\n\n<\/div>\n<p>M\u00eb 23 n\u00ebntor t\u00eb vitit t\u00eb kaluar artistja e njohur Hueyda El Saied, u nda nga jeta n\u00eb mosh\u00ebn 46-vje\u00e7are pas humbjes s\u00eb betejes me ka.ncerin e gjirit.<\/p>\n<p>Nj\u00eb vit m\u00eb pas bashk\u00ebshorti i saj Thierry dhe Gabriel n\u00eb kuad\u00ebr t\u00eb Tetorit Roz\u00eb, kan\u00eb vendosur t\u00eb ndajn\u00eb edhe nj\u00eb d\u00ebshmi t\u00eb Hueyd\u00ebs, e cila gjat\u00eb koh\u00ebs q\u00eb kurohej n\u00eb spital ka realizuar edhe nj\u00eb piktur\u00eb shum\u00eb t\u00eb ve\u00e7ant\u00eb.<\/p>\n<p>Hueyda El Said ka shkruar nj\u00eb let\u00ebr shum\u00eb prek\u00ebse dhe nj\u00ebher\u00ebsh falenderuese p\u00eb rata q\u00eb e ndihmuan n\u00eb betej\u00ebn e saj t\u00eb gjat\u00eb dhe t\u00eb v\u00ebshtir\u00eb, nga mjek\u00ebt, infermier\u00ebt, dhe t\u00eb gjith\u00eb ata q\u00eb e ndihmuan.<\/p>\n<p>Ajo ka treguar se n\u00eb k\u00ebt\u00eb piktur\u00eb kan\u00eb marr\u00eb pjes\u00eb e gjith\u00eb ekipi p\u00ebr t\u00eb shprehur mir\u00ebnjohjen e saj p\u00ebr 36 pjes\u00ebmarr\u00ebsit dhe p\u00ebr ato ekipe mjek\u00ebsore q\u00eb shp\u00ebtojn\u00eb jet\u00eb gjat\u00eb gjith\u00eb vitit.<\/p>\n<p>Postimi i plot\u00eb n\u00eb faqen e Hueyda El Saied:<\/p>\n<p>Gabriel dhe un\u00eb jemi t\u00eb k\u00ebnaqur t\u00eb ndajm\u00eb me ju k\u00ebt\u00eb d\u00ebshmi<\/p>\n<p>\u201cPacientja e dhom\u00ebs 271\u201d nga Hueyda jon\u00eb e dashur m\u00eb 19 tetor 2021, p\u00ebr lu.ft\u00ebn e saj kund\u00ebr kan.cerit t\u00eb gjirit!! Pra, d\u00ebshmi e trim\u00ebris\u00eb s\u00eb saj t\u00eb mahnitshme !! Menaxhuar nga Gabriel &#038; Thierry<br \/>\n\u201c\u2026 Jam pacientja e dhom\u00ebs 271, e shtruar prej disa jav\u00ebsh n\u00eb QSHL, pas r\u00ebndimit t\u00eb kan.cerit tim t\u00eb trefisht\u00eb negativ t\u00eb gjirit, me t\u00eb cilin po lu.ftoj prej m\u00eb shum\u00eb se nj\u00eb viti.<\/p>\n<p>Koh\u00ebt e fundit kam kuptuar se nuk jam vet\u00ebm n\u00eb lu.ft\u00eb dhe se \u00e7do sukses ka qen\u00eb nj\u00eb pun\u00eb ekipi. E kam fjal\u00ebn sigurisht p\u00ebr personelin infermieror n\u00eb kuptimin e gjer\u00eb: infermier\u00ebt, mjek\u00ebt, burrat dhe grat\u00eb, p\u00ebrfshihen t\u00eb gjith\u00eb! Kam zbuluar k\u00ebtu njer\u00ebz t\u00eb jasht\u00ebzakonsh\u00ebm, profesionist\u00eb t\u00eb p\u00ebrkushtuar, aq t\u00eb p\u00ebrkushtuar dhe t\u00eb k\u00ebndsh\u00ebm, saq\u00eb m\u00eb mungojn\u00eb fjal\u00ebt.<\/p>\n<p>Kjo \u00ebsht\u00eb arsyeja pse un\u00eb ju detyrohem.<\/p>\n<p>K\u00ebshtu, duke qen\u00eb se jam piktore, m\u00eb lindi ideja t\u00eb krijoj nj\u00eb piktur\u00eb kolektive n\u00eb t\u00eb cil\u00ebn do t\u00eb merrnin pjes\u00eb t\u00eb gjith\u00eb. Dhe t\u00eb gjith\u00eb ran\u00eb dakord t\u00eb kontribuojn\u00eb n\u00eb k\u00ebt\u00eb piktur\u00eb t\u00eb titulluar Rilindja. Secili nga ana tjet\u00ebr, ata pikturuan nj\u00eb pjes\u00eb t\u00eb k\u00ebsaj lu.ft\u00ebtare shum\u00ebngjyr\u00ebshe, dhe ka qen\u00eb nj\u00eb goditje me penel kund\u00ebr s\u00ebm.undjes.<\/p>\n<p>Prandaj, kjo piktur\u00eb \u00ebsht\u00eb m\u00ebnyra ime p\u00ebr t\u00eb shprehur mir\u00ebnjohjen time p\u00ebr 36 pjes\u00ebmarr\u00ebsit dhe m\u00eb gjer\u00eb p\u00ebr ato ekipe mjek\u00ebsore q\u00eb shp\u00ebtojn\u00eb jet\u00eb gjat\u00eb gjith\u00eb vitit.<\/p>\n<p>\u00c7far\u00eb do t\u00eb ndodh\u00eb, nuk do t\u2019ju harroj kurr\u00eb: Vania, Cathy, Sabah, H\u00e9l\u00e8ne, Charles, Brigitte, Malou, Sophie, Marie, Caroline, Nicola, Micky, Nathalie, Coumba, Sophie, Antonio, In\u00e8s, C\u00e9line, Caroline, Fiona, Sophia, Laura, Tatiana, Alisson, \u00c9lise, D\u00e9bora, Vanessa, Aude-Aline, Pauline, Lucie, Isabelle, Peggy, Julie, Hugo, Maryse dhe Razia.<\/p>\n<p>Faleminderit shum\u00eb p\u00ebr kujdesin tuaj, mir\u00ebsin\u00eb tuaj, bujarin\u00eb tuaj. Faleminderit q\u00eb keni qen\u00eb k\u00ebtu dhe q\u00eb jeni akoma k\u00ebtu \u00e7do dit\u00eb. Ju kryeni nj\u00eb pun\u00eb mahnit\u00ebse. Dhe faleminderit p\u00ebrs\u00ebri p\u00ebr ata q\u00eb nuk mund\u00ebn t\u00eb merrnin pjes\u00eb n\u00eb piktur\u00eb. Ne do t\u00eb mbizot\u00ebrojm\u00eb mbi ata sh\u00ebnues, ato tumore, ato metastaza, nuk do t\u2019i l\u00ebm\u00eb t\u00eb fitojn\u00eb. Jeta \u00ebsht\u00eb nj\u00eb e mir\u00eb e p\u00ebrbashk\u00ebt. Fitorja \u00ebsht\u00eb pun\u00eb ekipi\u201d.<\/p>\n\n<div style=\"font-size: 0px; height: 0px; line-height: 0px; margin: 0; padding: 0; clear: both;\"><\/div>","protected":false},"excerpt":{"rendered":"<p>M\u00eb 23 n\u00ebntor t\u00eb vitit t\u00eb kaluar artistja e njohur Hueyda El Saied, u nda nga jeta n\u00eb mosh\u00ebn 46-vje\u00e7are pas humbjes s\u00eb betejes me ka.ncerin e&#8230; <\/p>\n","protected":false},"author":1,"featured_media":3225,"comment_status":"open","ping_status":"open","sticky":false,"template":"","format":"standard","meta":{"footnotes":""},"categories":[6],"tags":[],"class_list":["post-3224","post","type-post","status-publish","format-standard","has-post-thumbnail","hentry","category-lajme"],"_links":{"self":[{"href":"https:\/\/new.findnews5.com\/index.php?rest_route=\/wp\/v2\/posts\/3224","targetHints":{"allow":["GET"]}}],"collection":[{"href":"https:\/\/new.findnews5.com\/index.php?rest_route=\/wp\/v2\/posts"}],"about":[{"href":"https:\/\/new.findnews5.com\/index.php?rest_route=\/wp\/v2\/types\/post"}],"author":[{"embeddable":true,"href":"https:\/\/new.findnews5.com\/index.php?rest_route=\/wp\/v2\/users\/1"}],"replies":[{"embeddable":true,"href":"https:\/\/new.findnews5.com\/index.php?rest_route=%2Fwp%2Fv2%2Fcomments&post=3224"}],"version-history":[{"count":0,"href":"https:\/\/new.findnews5.com\/index.php?rest_route=\/wp\/v2\/posts\/3224\/revisions"}],"wp:featuredmedia":[{"embeddable":true,"href":"https:\/\/new.findnews5.com\/index.php?rest_route=\/wp\/v2\/media\/3225"}],"wp:attachment":[{"href":"https:\/\/new.findnews5.com\/index.php?rest_route=%2Fwp%2Fv2%2Fmedia&parent=3224"}],"wp:term":[{"taxonomy":"category","embeddable":true,"href":"https:\/\/new.findnews5.com\/index.php?rest_route=%2Fwp%2Fv2%2Fcategories&post=3224"},{"taxonomy":"post_tag","embeddable":true,"href":"https:\/\/new.findnews5.com\/index.php?rest_route=%2Fwp%2Fv2%2Ftags&post=3224"}],"curies":[{"name":"wp","href":"https:\/\/api.w.org\/{rel}","templated":true}]}}