{"id":3211,"date":"2023-09-02T08:30:08","date_gmt":"2023-09-02T08:30:08","guid":{"rendered":"https:\/\/new.findnews5.com\/?p=3211"},"modified":"2023-09-02T08:30:12","modified_gmt":"2023-09-02T08:30:12","slug":"ka-zhvillime-ndryshon-situata-pas-nderhyrjes-ja-si-eshte-gjendja-e-fatos-nanos","status":"publish","type":"post","link":"https:\/\/new.findnews5.com\/?p=3211","title":{"rendered":"Ka zhvillime, ndryshon situata! Pas nd\u00ebrhyrjes, ja si \u00ebsht\u00eb gjendja e Fatos Nanos\u2026"},"content":{"rendered":"<div class=\"78954ae5fa42b68c1393fe3da4998882\" data-index=\"1\" style=\"float: none; margin:0px 0 0px 0; text-align:center;\">\n<div data-type=\"_mgwidget\" data-widget-id=\"1576712\">\r\n<\/div>\r\n<script>(function(w,q){w[q]=w[q]||[];w[q].push([\"_mgc.load\"])})(window,\"_mgq\");\r\n<\/script>\r\n\n<\/div>\n<p>Ish-kryeministri Fatos Nano ndodhet n\u00eb spital p\u00ebr shkak t\u00eb problemeve sh\u00ebndet\u00ebsore.<\/p>\n<p>M\u00ebsohet se gjendja sh\u00ebndet\u00ebsore e ish-kryeministrit aktualisht \u00ebsht\u00eb e mir\u00eb dhe se i \u00ebsht\u00eb b\u00ebr\u00eb nd\u00ebrhyrje leht\u00ebsuese p\u00ebr frym\u00ebmarrjen. Pas nd\u00ebrhyrjes p\u00ebr leht\u00ebsimin e frym\u00ebmarrjes \u00ebsht\u00eb p\u00ebrmir\u00ebsuar edhe gjendja sh\u00ebndet\u00ebsore e ish-kryeministrit Fatos Nano.<\/p>\n<p>\u201cSakaq b\u00ebhet me dije se rehabilitimi \u00ebsht\u00eb i ngadalsh\u00ebm dhe i v\u00ebshtir\u00eb pasi k\u00ebrkon nd\u00ebrgjegj\u00ebsim dhe bashk\u00ebpunim nga pacienti\u201d, njoftohet m\u00eb tej.<\/p>\n<p>Teksa Fatos Nano po p\u00ebrballet me gjendjen e v\u00ebshtir\u00eb sh\u00ebndet\u00ebsore, kreu i qeveris\u00eb Edi Rama e ka nderuar me \u201cmedaljen p\u00ebr mir\u00ebnjohjen publike\u201d, duke i vler\u00ebsuar kontributin si ish-kryeminist\u00ebr i vendit.<\/p>\n\n<div style=\"font-size: 0px; height: 0px; line-height: 0px; margin: 0; padding: 0; clear: both;\"><\/div>","protected":false},"excerpt":{"rendered":"<p>Ish-kryeministri Fatos Nano ndodhet n\u00eb spital p\u00ebr shkak t\u00eb problemeve sh\u00ebndet\u00ebsore. M\u00ebsohet se gjendja sh\u00ebndet\u00ebsore e ish-kryeministrit aktualisht \u00ebsht\u00eb e mir\u00eb dhe se i \u00ebsht\u00eb b\u00ebr\u00eb nd\u00ebrhyrje&#8230; <\/p>\n","protected":false},"author":1,"featured_media":3212,"comment_status":"open","ping_status":"open","sticky":false,"template":"","format":"standard","meta":{"footnotes":""},"categories":[6],"tags":[],"class_list":["post-3211","post","type-post","status-publish","format-standard","has-post-thumbnail","hentry","category-lajme"],"_links":{"self":[{"href":"https:\/\/new.findnews5.com\/index.php?rest_route=\/wp\/v2\/posts\/3211","targetHints":{"allow":["GET"]}}],"collection":[{"href":"https:\/\/new.findnews5.com\/index.php?rest_route=\/wp\/v2\/posts"}],"about":[{"href":"https:\/\/new.findnews5.com\/index.php?rest_route=\/wp\/v2\/types\/post"}],"author":[{"embeddable":true,"href":"https:\/\/new.findnews5.com\/index.php?rest_route=\/wp\/v2\/users\/1"}],"replies":[{"embeddable":true,"href":"https:\/\/new.findnews5.com\/index.php?rest_route=%2Fwp%2Fv2%2Fcomments&post=3211"}],"version-history":[{"count":0,"href":"https:\/\/new.findnews5.com\/index.php?rest_route=\/wp\/v2\/posts\/3211\/revisions"}],"wp:featuredmedia":[{"embeddable":true,"href":"https:\/\/new.findnews5.com\/index.php?rest_route=\/wp\/v2\/media\/3212"}],"wp:attachment":[{"href":"https:\/\/new.findnews5.com\/index.php?rest_route=%2Fwp%2Fv2%2Fmedia&parent=3211"}],"wp:term":[{"taxonomy":"category","embeddable":true,"href":"https:\/\/new.findnews5.com\/index.php?rest_route=%2Fwp%2Fv2%2Fcategories&post=3211"},{"taxonomy":"post_tag","embeddable":true,"href":"https:\/\/new.findnews5.com\/index.php?rest_route=%2Fwp%2Fv2%2Ftags&post=3211"}],"curies":[{"name":"wp","href":"https:\/\/api.w.org\/{rel}","templated":true}]}}