{"id":3195,"date":"2023-09-02T00:24:05","date_gmt":"2023-09-02T00:24:05","guid":{"rendered":"https:\/\/new.findnews5.com\/?p=3195"},"modified":"2023-09-02T00:24:06","modified_gmt":"2023-09-02T00:24:06","slug":"prej-1-jave-ne-spital-zbulohet-si-eshte-sot-gjendja-shendetesore-e-fatos-nanos","status":"publish","type":"post","link":"https:\/\/new.findnews5.com\/?p=3195","title":{"rendered":"Prej 1 jave n\u00eb spital, ZBULOHET si \u00ebsht\u00eb sot gjendja sh\u00ebndet\u00ebsore e Fatos Nanos&#8230;"},"content":{"rendered":"<div class=\"78954ae5fa42b68c1393fe3da4998882\" data-index=\"1\" style=\"float: none; margin:0px 0 0px 0; text-align:center;\">\n<div data-type=\"_mgwidget\" data-widget-id=\"1576712\">\r\n<\/div>\r\n<script>(function(w,q){w[q]=w[q]||[];w[q].push([\"_mgc.load\"])})(window,\"_mgq\");\r\n<\/script>\r\n\n<\/div>\n<p>Ish-kryeministri Fatos Nano ndodhet ende n\u00eb reanimacion dhe gjendja e tij paraqitet stabile. K\u00ebshtu raportohet p\u00ebr gjendjen e Nanos, i cili ndodhet p\u00ebr m\u00eb shum\u00eb se 1 jav\u00eb i shtruar n\u00eb spital.<\/p>\n<p>Dit\u00ebn e sotme, kryeministri Edi Rama i akordoi Fatos Nanos medaljen e mir\u00ebnjohjes publike, si dhe k\u00ebrkoi nga t\u00eb gjith\u00eb q\u00eb t\u00eb luten p\u00ebr t\u00eb, i cili \u00ebsht\u00eb duke luftuar p\u00ebr jet\u00ebn.<\/p>\n<p>Ish kryetari i PS-s\u00eb prej t\u00eb enjtes, 24 gusht 2023, ndodhet i shtruar n\u00eb nj\u00eb spital privat n\u00eb Tiran\u00eb. Ish kryeministri ishte shoq\u00ebruar me ambulanc\u00eb m\u00eb 24 gusht nga sht\u00ebpia e tij n\u00eb spital pasi kishte pasur probleme me frym\u00ebmarrjen.<\/p>\n\n<div style=\"font-size: 0px; height: 0px; line-height: 0px; margin: 0; padding: 0; clear: both;\"><\/div>","protected":false},"excerpt":{"rendered":"<p>Ish-kryeministri Fatos Nano ndodhet ende n\u00eb reanimacion dhe gjendja e tij paraqitet stabile. K\u00ebshtu raportohet p\u00ebr gjendjen e Nanos, i cili ndodhet p\u00ebr m\u00eb shum\u00eb se 1&#8230; <\/p>\n","protected":false},"author":1,"featured_media":3196,"comment_status":"open","ping_status":"open","sticky":false,"template":"","format":"standard","meta":{"footnotes":""},"categories":[6],"tags":[],"class_list":["post-3195","post","type-post","status-publish","format-standard","has-post-thumbnail","hentry","category-lajme"],"_links":{"self":[{"href":"https:\/\/new.findnews5.com\/index.php?rest_route=\/wp\/v2\/posts\/3195","targetHints":{"allow":["GET"]}}],"collection":[{"href":"https:\/\/new.findnews5.com\/index.php?rest_route=\/wp\/v2\/posts"}],"about":[{"href":"https:\/\/new.findnews5.com\/index.php?rest_route=\/wp\/v2\/types\/post"}],"author":[{"embeddable":true,"href":"https:\/\/new.findnews5.com\/index.php?rest_route=\/wp\/v2\/users\/1"}],"replies":[{"embeddable":true,"href":"https:\/\/new.findnews5.com\/index.php?rest_route=%2Fwp%2Fv2%2Fcomments&post=3195"}],"version-history":[{"count":0,"href":"https:\/\/new.findnews5.com\/index.php?rest_route=\/wp\/v2\/posts\/3195\/revisions"}],"wp:featuredmedia":[{"embeddable":true,"href":"https:\/\/new.findnews5.com\/index.php?rest_route=\/wp\/v2\/media\/3196"}],"wp:attachment":[{"href":"https:\/\/new.findnews5.com\/index.php?rest_route=%2Fwp%2Fv2%2Fmedia&parent=3195"}],"wp:term":[{"taxonomy":"category","embeddable":true,"href":"https:\/\/new.findnews5.com\/index.php?rest_route=%2Fwp%2Fv2%2Fcategories&post=3195"},{"taxonomy":"post_tag","embeddable":true,"href":"https:\/\/new.findnews5.com\/index.php?rest_route=%2Fwp%2Fv2%2Ftags&post=3195"}],"curies":[{"name":"wp","href":"https:\/\/api.w.org\/{rel}","templated":true}]}}