{"id":3172,"date":"2023-08-31T23:32:00","date_gmt":"2023-08-31T23:32:00","guid":{"rendered":"https:\/\/new.findnews5.com\/?p=3172"},"modified":"2023-08-31T23:32:01","modified_gmt":"2023-08-31T23:32:01","slug":"e-trishte-kanceri-i-merr-jeten-vellezerve-ne-te-njejten-dite-ne-te-njejtin-shtrat-spitali","status":"publish","type":"post","link":"https:\/\/new.findnews5.com\/?p=3172","title":{"rendered":"E trisht\u00eb! Kanceri i merr jet\u00ebn v\u00ebllez\u00ebrve, n\u00eb t\u00eb nj\u00ebjt\u00ebn dit\u00eb n\u00eb t\u00eb nj\u00ebjtin shtrat spitali"},"content":{"rendered":"<div class=\"78954ae5fa42b68c1393fe3da4998882\" data-index=\"1\" style=\"float: none; margin:0px 0 0px 0; text-align:center;\">\n<div data-type=\"_mgwidget\" data-widget-id=\"1576712\">\r\n<\/div>\r\n<script>(function(w,q){w[q]=w[q]||[];w[q].push([\"_mgc.load\"])})(window,\"_mgq\");\r\n<\/script>\r\n\n<\/div>\n<p>Dy v\u00ebllez\u00ebr vdiq\u00ebn brenda disa or\u00ebsh nga nj\u00ebri-tjetri n\u00eb t\u00eb nj\u00ebjtin shtrat spitalor n\u00eb Rio de Zhaneiro, Brazil.<\/p>\n<p>M\u00eb 19 gusht, dy v\u00ebllez\u00ebrit dhan\u00eb frym\u00ebn e fundit pas nj\u00eb beteje me kancerin. Ata mb\u00ebshtet\u00ebn nj\u00ebri-tjetrin n\u00eb luft\u00ebn kund\u00ebr s\u00ebmundjes por papritur gjendja e tyre sh\u00ebndet\u00ebsore u p\u00ebrkeq\u00ebsua.<\/p>\n<p>Francisco Antunes Sobrinho, 52 vje\u00e7, u diagnostikua me kancer n\u00eb zorr\u00eb n\u00eb maj 2021. Nj\u00eb muaj m\u00eb von\u00eb, v\u00ebllai i tij 38-vje\u00e7ar Eduardo u diagnostikua me kancer n\u00eb m\u00ebl\u00e7i.<\/p>\n<p>Gjendja e Eduardos u p\u00ebrkeq\u00ebsua papritur dhe ai u d\u00ebrgua me urgjenc\u00eb n\u00eb nj\u00eb spital aty pran\u00eb n\u00eb Santa Cruz, Rio de Janeiro. Ai q\u00ebndroi n\u00eb spital p\u00ebr 4 dit\u00eb dhe m\u00eb n\u00eb fund vdiq.<\/p>\n<p>V\u00ebllai i tyre m\u00eb i vog\u00ebl, Juao Antunes Neto, ishte n\u00eb telefon me familjen e tij duke rregulluar detajet e funeralit kur Francisco u d\u00ebrgua me urgjenc\u00eb n\u00eb t\u00eb nj\u00ebjtin spital. Vet\u00ebm pak or\u00eb m\u00eb von\u00eb, ai vdiq n\u00eb t\u00eb nj\u00ebjtin shtrat.<\/p>\n<p>\u201cIshin aq af\u00ebr saq\u00eb vdiq\u00ebn n\u00eb t\u00eb nj\u00ebjtin shtrat spitalor. Ky \u00ebsht\u00eb nj\u00eb nga momentet m\u00eb t\u00eb m\u00ebdha t\u00eb dhimbjes n\u00eb jet\u00ebn time dhe n\u00eb jet\u00ebn e gjith\u00eb familjes sime\u201d, tha Huao.<\/p>\n<p>V\u00ebllez\u00ebrit u varros\u00ebn n\u00eb varrezat shtet\u00ebrore t\u00eb Santa Cruz, vet\u00ebm 24 or\u00eb larg nj\u00ebri-tjetrit. Kryebashkiaku shpalli tre dit\u00eb zie zyrtare n\u00eb qytet.<\/p>\n\n<div style=\"font-size: 0px; height: 0px; line-height: 0px; margin: 0; padding: 0; clear: both;\"><\/div>","protected":false},"excerpt":{"rendered":"<p>Dy v\u00ebllez\u00ebr vdiq\u00ebn brenda disa or\u00ebsh nga nj\u00ebri-tjetri n\u00eb t\u00eb nj\u00ebjtin shtrat spitalor n\u00eb Rio de Zhaneiro, Brazil. M\u00eb 19 gusht, dy v\u00ebllez\u00ebrit dhan\u00eb frym\u00ebn e fundit&#8230; <\/p>\n","protected":false},"author":1,"featured_media":3173,"comment_status":"open","ping_status":"open","sticky":false,"template":"","format":"standard","meta":{"footnotes":""},"categories":[6],"tags":[],"class_list":["post-3172","post","type-post","status-publish","format-standard","has-post-thumbnail","hentry","category-lajme"],"_links":{"self":[{"href":"https:\/\/new.findnews5.com\/index.php?rest_route=\/wp\/v2\/posts\/3172","targetHints":{"allow":["GET"]}}],"collection":[{"href":"https:\/\/new.findnews5.com\/index.php?rest_route=\/wp\/v2\/posts"}],"about":[{"href":"https:\/\/new.findnews5.com\/index.php?rest_route=\/wp\/v2\/types\/post"}],"author":[{"embeddable":true,"href":"https:\/\/new.findnews5.com\/index.php?rest_route=\/wp\/v2\/users\/1"}],"replies":[{"embeddable":true,"href":"https:\/\/new.findnews5.com\/index.php?rest_route=%2Fwp%2Fv2%2Fcomments&post=3172"}],"version-history":[{"count":0,"href":"https:\/\/new.findnews5.com\/index.php?rest_route=\/wp\/v2\/posts\/3172\/revisions"}],"wp:featuredmedia":[{"embeddable":true,"href":"https:\/\/new.findnews5.com\/index.php?rest_route=\/wp\/v2\/media\/3173"}],"wp:attachment":[{"href":"https:\/\/new.findnews5.com\/index.php?rest_route=%2Fwp%2Fv2%2Fmedia&parent=3172"}],"wp:term":[{"taxonomy":"category","embeddable":true,"href":"https:\/\/new.findnews5.com\/index.php?rest_route=%2Fwp%2Fv2%2Fcategories&post=3172"},{"taxonomy":"post_tag","embeddable":true,"href":"https:\/\/new.findnews5.com\/index.php?rest_route=%2Fwp%2Fv2%2Ftags&post=3172"}],"curies":[{"name":"wp","href":"https:\/\/api.w.org\/{rel}","templated":true}]}}