{"id":3166,"date":"2023-08-31T21:13:02","date_gmt":"2023-08-31T21:13:02","guid":{"rendered":"https:\/\/new.findnews5.com\/?p=3166"},"modified":"2023-08-31T21:13:03","modified_gmt":"2023-08-31T21:13:03","slug":"terren-i-veshtire-rama-ndan-pamjet-nga-rruga-e-re-do-ti-jape-zhvillim","status":"publish","type":"post","link":"https:\/\/new.findnews5.com\/?p=3166","title":{"rendered":"\u201cTerren i v\u00ebshtir\u00eb\u201d\/ Rama ndan pamjet nga rruga e re: Do t\u2019i jap\u00eb zhvillim\u2026"},"content":{"rendered":"<div class=\"78954ae5fa42b68c1393fe3da4998882\" data-index=\"1\" style=\"float: none; margin:0px 0 0px 0; text-align:center;\">\n<div data-type=\"_mgwidget\" data-widget-id=\"1576712\">\r\n<\/div>\r\n<script>(function(w,q){w[q]=w[q]||[];w[q].push([\"_mgc.load\"])})(window,\"_mgq\");\r\n<\/script>\r\n\n<\/div>\n<p>Kryeministri Edi Rama e ka nisur dit\u00ebn me disa pamje nga punimet q\u00eb po b\u00ebhen n\u00eb rrug\u00ebn Prekal-Kir n\u00eb Shkod\u00ebr, p\u00ebr t\u00eb cil\u00ebn thot\u00eb se do t\u00eb sh\u00ebrbej\u00eb si nj\u00eb impuls i ri zhvillimi turistik.<\/p>\n<p>\u201cMe punimet q\u00eb po kryhen n\u00eb rrug\u00ebn Prekal-Kir, financuar nga qeveria shqiptare p\u00ebr Bashkin\u00eb e Shkodr\u00ebs, si segmenti i par\u00eb i rrug\u00ebs s\u00eb Dukagjinit, p\u00ebr sjell\u00eb nj\u00eb impuls t\u00eb ri zhvillimi turistik e agroturistik p\u00ebr nj\u00eb zon\u00eb mahnit\u00ebse\u201d, shkruan Rama.<\/p>\n<p>Kurse Kryetari i bashkis\u00eb s\u00eb Shkodr\u00ebs, Benet Beci thot\u00eb se nd\u00ebrtimi i k\u00ebsaj rruge prej 17 km \u00ebsht\u00eb nj\u00eb nga prioritetet e tij.<\/p>\n<p>\u201cJam i g\u00ebzuar q\u00eb shikoj se filloj me u b\u00ebr\u00eb. Kjo rrug\u00eb do t\u00eb hap\u00eb perspektiv\u00eb, do t\u00eb kthej\u00eb njer\u00ebzit q\u00eb kan\u00eb ikur. Do t\u00eb zhvillohet qoft\u00eb turizmi apo fushat e ndryshme t\u00eb ekonomis\u00eb\u201d, u shpreh nj\u00ebri prej banor\u00ebve t\u00eb k\u00ebsaj zone.<\/p>\n\n<div style=\"font-size: 0px; height: 0px; line-height: 0px; margin: 0; padding: 0; clear: both;\"><\/div>","protected":false},"excerpt":{"rendered":"<p>Kryeministri Edi Rama e ka nisur dit\u00ebn me disa pamje nga punimet q\u00eb po b\u00ebhen n\u00eb rrug\u00ebn Prekal-Kir n\u00eb Shkod\u00ebr, p\u00ebr t\u00eb cil\u00ebn thot\u00eb se do t\u00eb&#8230; <\/p>\n","protected":false},"author":1,"featured_media":3167,"comment_status":"open","ping_status":"open","sticky":false,"template":"","format":"standard","meta":{"footnotes":""},"categories":[6],"tags":[],"class_list":["post-3166","post","type-post","status-publish","format-standard","has-post-thumbnail","hentry","category-lajme"],"_links":{"self":[{"href":"https:\/\/new.findnews5.com\/index.php?rest_route=\/wp\/v2\/posts\/3166","targetHints":{"allow":["GET"]}}],"collection":[{"href":"https:\/\/new.findnews5.com\/index.php?rest_route=\/wp\/v2\/posts"}],"about":[{"href":"https:\/\/new.findnews5.com\/index.php?rest_route=\/wp\/v2\/types\/post"}],"author":[{"embeddable":true,"href":"https:\/\/new.findnews5.com\/index.php?rest_route=\/wp\/v2\/users\/1"}],"replies":[{"embeddable":true,"href":"https:\/\/new.findnews5.com\/index.php?rest_route=%2Fwp%2Fv2%2Fcomments&post=3166"}],"version-history":[{"count":0,"href":"https:\/\/new.findnews5.com\/index.php?rest_route=\/wp\/v2\/posts\/3166\/revisions"}],"wp:featuredmedia":[{"embeddable":true,"href":"https:\/\/new.findnews5.com\/index.php?rest_route=\/wp\/v2\/media\/3167"}],"wp:attachment":[{"href":"https:\/\/new.findnews5.com\/index.php?rest_route=%2Fwp%2Fv2%2Fmedia&parent=3166"}],"wp:term":[{"taxonomy":"category","embeddable":true,"href":"https:\/\/new.findnews5.com\/index.php?rest_route=%2Fwp%2Fv2%2Fcategories&post=3166"},{"taxonomy":"post_tag","embeddable":true,"href":"https:\/\/new.findnews5.com\/index.php?rest_route=%2Fwp%2Fv2%2Ftags&post=3166"}],"curies":[{"name":"wp","href":"https:\/\/api.w.org\/{rel}","templated":true}]}}