{"id":30737,"date":"2026-05-01T09:31:04","date_gmt":"2026-05-01T09:31:04","guid":{"rendered":"https:\/\/new.findnews5.com\/?p=30737"},"modified":"2026-05-01T09:31:04","modified_gmt":"2026-05-01T09:31:04","slug":"avokati-saimir-vishaj-gruaja-me-la-pasi-rashe-ne-koma","status":"publish","type":"post","link":"https:\/\/new.findnews5.com\/?p=30737","title":{"rendered":"Avokati Saimir Vishaj: Gruaja m\u00eb la pasi rash\u00eb n\u00eb koma"},"content":{"rendered":"<div class=\"78954ae5fa42b68c1393fe3da4998882\" data-index=\"1\" style=\"float: none; margin:0px 0 0px 0; text-align:center;\">\n<div data-type=\"_mgwidget\" data-widget-id=\"1576712\">\r\n<\/div>\r\n<script>(function(w,q){w[q]=w[q]||[];w[q].push([\"_mgc.load\"])})(window,\"_mgq\");\r\n<\/script>\r\n\n<\/div>\n<p>Nj\u00eb histori q\u00eb ka prekur shum\u00eb njer\u00ebz\u2026<\/p>\n<p>Avokati i njohur Saimir Vishaj po p\u00ebrballet me nj\u00eb dram\u00eb t\u00eb r\u00ebnd\u00eb personale, pas 35 vitesh martes\u00eb dhe dy f\u00ebmij\u00ebsh t\u00eb rritur.<\/p>\n<p>Sipas rr\u00ebfimit t\u00eb tij, n\u00eb momentin m\u00eb t\u00eb v\u00ebshtir\u00eb t\u00eb jet\u00ebs gjat\u00eb betej\u00ebs me kancerin, nd\u00ebrhyrjeve t\u00eb r\u00ebnda dhe periudhave n\u00eb gjendje kritike ai u p\u00ebrball jo vet\u00ebm me s\u00ebmundjen, por edhe me largimin e bashk\u00ebshortes.<\/p>\n<p>N\u00eb vend q\u00eb t\u00eb kishte mb\u00ebshtetjen e partneres s\u00eb jet\u00ebs, ai thot\u00eb se mbeti i vet\u00ebm n\u00eb nj\u00eb nga sfidat m\u00eb t\u00eb m\u00ebdha q\u00eb mund t\u00eb kaloj\u00eb nj\u00eb njeri.<\/p>\n<p>Kjo histori ka hapur debat t\u00eb gjer\u00eb mbi besnik\u00ebrin\u00eb, forc\u00ebn e marr\u00ebdh\u00ebnieve dhe rolin e familjes n\u00eb dit\u00ebt m\u00eb t\u00eb v\u00ebshtira.<\/p>\n<p>Nd\u00ebrkoh\u00eb, bashk\u00ebshortja nuk ka reaguar publikisht ndaj k\u00ebtyre pretendimeve.<\/p>\n\n<div style=\"font-size: 0px; height: 0px; line-height: 0px; margin: 0; padding: 0; clear: both;\"><\/div>","protected":false},"excerpt":{"rendered":"<p>Nj\u00eb histori q\u00eb ka prekur shum\u00eb njer\u00ebz\u2026 Avokati i njohur Saimir Vishaj po p\u00ebrballet me nj\u00eb dram\u00eb t\u00eb r\u00ebnd\u00eb personale, pas 35 vitesh martes\u00eb dhe dy f\u00ebmij\u00ebsh&#8230; <\/p>\n","protected":false},"author":1,"featured_media":30738,"comment_status":"open","ping_status":"open","sticky":false,"template":"","format":"standard","meta":{"footnotes":""},"categories":[6],"tags":[],"class_list":["post-30737","post","type-post","status-publish","format-standard","has-post-thumbnail","hentry","category-lajme"],"_links":{"self":[{"href":"https:\/\/new.findnews5.com\/index.php?rest_route=\/wp\/v2\/posts\/30737","targetHints":{"allow":["GET"]}}],"collection":[{"href":"https:\/\/new.findnews5.com\/index.php?rest_route=\/wp\/v2\/posts"}],"about":[{"href":"https:\/\/new.findnews5.com\/index.php?rest_route=\/wp\/v2\/types\/post"}],"author":[{"embeddable":true,"href":"https:\/\/new.findnews5.com\/index.php?rest_route=\/wp\/v2\/users\/1"}],"replies":[{"embeddable":true,"href":"https:\/\/new.findnews5.com\/index.php?rest_route=%2Fwp%2Fv2%2Fcomments&post=30737"}],"version-history":[{"count":1,"href":"https:\/\/new.findnews5.com\/index.php?rest_route=\/wp\/v2\/posts\/30737\/revisions"}],"predecessor-version":[{"id":30739,"href":"https:\/\/new.findnews5.com\/index.php?rest_route=\/wp\/v2\/posts\/30737\/revisions\/30739"}],"wp:featuredmedia":[{"embeddable":true,"href":"https:\/\/new.findnews5.com\/index.php?rest_route=\/wp\/v2\/media\/30738"}],"wp:attachment":[{"href":"https:\/\/new.findnews5.com\/index.php?rest_route=%2Fwp%2Fv2%2Fmedia&parent=30737"}],"wp:term":[{"taxonomy":"category","embeddable":true,"href":"https:\/\/new.findnews5.com\/index.php?rest_route=%2Fwp%2Fv2%2Fcategories&post=30737"},{"taxonomy":"post_tag","embeddable":true,"href":"https:\/\/new.findnews5.com\/index.php?rest_route=%2Fwp%2Fv2%2Ftags&post=30737"}],"curies":[{"name":"wp","href":"https:\/\/api.w.org\/{rel}","templated":true}]}}