{"id":30734,"date":"2026-04-29T08:04:50","date_gmt":"2026-04-29T08:04:50","guid":{"rendered":"https:\/\/new.findnews5.com\/?p=30734"},"modified":"2026-04-29T08:04:50","modified_gmt":"2026-04-29T08:04:50","slug":"kush-eshte-feridja-merrte-ndihme-sociale-ndersa-voziste-mercedes-dhe-porsche","status":"publish","type":"post","link":"https:\/\/new.findnews5.com\/?p=30734","title":{"rendered":"Kush \u00ebsht\u00eb Feridja? Merrte ndihm\u00eb sociale, nd\u00ebrsa voziste \u201cMercedes\u201d dhe \u201cPorsche\u201d"},"content":{"rendered":"<div class=\"78954ae5fa42b68c1393fe3da4998882\" data-index=\"1\" style=\"float: none; margin:0px 0 0px 0; text-align:center;\">\n<div data-type=\"_mgwidget\" data-widget-id=\"1576712\">\r\n<\/div>\r\n<script>(function(w,q){w[q]=w[q]||[];w[q].push([\"_mgc.load\"])})(window,\"_mgq\");\r\n<\/script>\r\n\n<\/div>\n<p>Rasti i Feride Demirov\u00ebs, e cila p\u00ebrfitoi ndihm\u00eb sociale nd\u00ebrsa zot\u00ebronte prona luksoze, ka tronditur opinionin publik. Avokati i saj, Angel Gjorgjiev, foli p\u00ebr k\u00ebt\u00eb \u00e7\u00ebshtje n\u00eb emisionin \u201cPretres me Landov\u201d, duke dh\u00ebn\u00eb detaje mbi hetimet dhe akuzat.<\/p>\n<p>Sipas tij, disa persona jan\u00eb t\u00eb akuzuar p\u00ebr organizim t\u00eb loj\u00ebrave t\u00eb fatit pa licenc\u00eb dhe pastrim parash, por prokuroria duhet t\u00eb v\u00ebrtetoj\u00eb q\u00eb mjetet e p\u00ebrfituara ishin fituar n\u00eb m\u00ebnyr\u00eb t\u00eb paligjshme. Gjorgjiev theksoi se Demirova, me arsimimin e saj t\u00eb kufizuar, nuk do t\u00eb kishte mundur t\u00eb organizonte vet\u00eb aktivitete t\u00eb tilla.<\/p>\n<p>Avokati ngriti akuza p\u00ebr presion t\u00eb pretenduar nga prokurores Milica Gavrillova, e cila, sipas tij, kishte premtuar nj\u00eb mas\u00eb m\u00eb t\u00eb but\u00eb n\u00ebse Demirova pranon faj\u00ebsin\u00eb. Gjithashtu u theksua se procesverbali i d\u00ebgjimit nuk ishte regjistruar me audio dhe nuk ishte n\u00ebnshkruar nga t\u00eb akuzuarit.<\/p>\n<p>Gjat\u00eb hetimit, Demirov\u00ebs i jan\u00eb konfiskuar automjete luksoze si \u201cMercedes\u201d dhe \u201cPorsche\u201d, bizhuteri ari dhe tri banesa. Pretendimet tregojn\u00eb se ajo kishte marr\u00eb pjes\u00eb n\u00eb loj\u00ebra online t\u00eb fatit, duke komunikuar me klient\u00eb nga Turqia, dhe disa t\u00eb ardhura i kishte pranuar p\u00ebrmes nj\u00eb firme n\u00eb Qipro.<\/p>\n<p>Avokati shtoi se Demirova nuk ishte e pun\u00ebsuar formalisht, nd\u00ebrsa shfryt\u00ebzonte ndihm\u00eb sociale dhe nj\u00eb pjes\u00eb t\u00eb mjeteve i kishte konvertuar n\u00eb kriptovaluta. Gjat\u00eb procedur\u00ebs, ajo zgjodhi t\u00eb mbrohej n\u00eb heshtje dhe nuk dha shpjegime p\u00ebr origjin\u00ebn e parave.<\/p>\n\n<div style=\"font-size: 0px; height: 0px; line-height: 0px; margin: 0; padding: 0; clear: both;\"><\/div>","protected":false},"excerpt":{"rendered":"<p>Rasti i Feride Demirov\u00ebs, e cila p\u00ebrfitoi ndihm\u00eb sociale nd\u00ebrsa zot\u00ebronte prona luksoze, ka tronditur opinionin publik. Avokati i saj, Angel Gjorgjiev, foli p\u00ebr k\u00ebt\u00eb \u00e7\u00ebshtje n\u00eb&#8230; <\/p>\n","protected":false},"author":1,"featured_media":30735,"comment_status":"open","ping_status":"open","sticky":false,"template":"","format":"standard","meta":{"footnotes":""},"categories":[6],"tags":[],"class_list":["post-30734","post","type-post","status-publish","format-standard","has-post-thumbnail","hentry","category-lajme"],"_links":{"self":[{"href":"https:\/\/new.findnews5.com\/index.php?rest_route=\/wp\/v2\/posts\/30734","targetHints":{"allow":["GET"]}}],"collection":[{"href":"https:\/\/new.findnews5.com\/index.php?rest_route=\/wp\/v2\/posts"}],"about":[{"href":"https:\/\/new.findnews5.com\/index.php?rest_route=\/wp\/v2\/types\/post"}],"author":[{"embeddable":true,"href":"https:\/\/new.findnews5.com\/index.php?rest_route=\/wp\/v2\/users\/1"}],"replies":[{"embeddable":true,"href":"https:\/\/new.findnews5.com\/index.php?rest_route=%2Fwp%2Fv2%2Fcomments&post=30734"}],"version-history":[{"count":1,"href":"https:\/\/new.findnews5.com\/index.php?rest_route=\/wp\/v2\/posts\/30734\/revisions"}],"predecessor-version":[{"id":30736,"href":"https:\/\/new.findnews5.com\/index.php?rest_route=\/wp\/v2\/posts\/30734\/revisions\/30736"}],"wp:featuredmedia":[{"embeddable":true,"href":"https:\/\/new.findnews5.com\/index.php?rest_route=\/wp\/v2\/media\/30735"}],"wp:attachment":[{"href":"https:\/\/new.findnews5.com\/index.php?rest_route=%2Fwp%2Fv2%2Fmedia&parent=30734"}],"wp:term":[{"taxonomy":"category","embeddable":true,"href":"https:\/\/new.findnews5.com\/index.php?rest_route=%2Fwp%2Fv2%2Fcategories&post=30734"},{"taxonomy":"post_tag","embeddable":true,"href":"https:\/\/new.findnews5.com\/index.php?rest_route=%2Fwp%2Fv2%2Ftags&post=30734"}],"curies":[{"name":"wp","href":"https:\/\/api.w.org\/{rel}","templated":true}]}}