{"id":30731,"date":"2026-04-29T08:02:23","date_gmt":"2026-04-29T08:02:23","guid":{"rendered":"https:\/\/new.findnews5.com\/?p=30731"},"modified":"2026-04-29T08:02:23","modified_gmt":"2026-04-29T08:02:23","slug":"surprize-e-pakendshme-te-enjten-rikthehet-dimri-me-te-ftohte-ekstrem-ja-sa-do-te-shkoje-minus-temperatura","status":"publish","type":"post","link":"https:\/\/new.findnews5.com\/?p=30731","title":{"rendered":"SURPRIZ\u00cb E PAK\u00cbNDSHME: T\u00eb enjten rikthehet dimri me t\u00eb ftoht\u00eb ekstrem &#8211; ja sa do t\u00eb shkoj\u00eb minus temperatura"},"content":{"rendered":"<div class=\"78954ae5fa42b68c1393fe3da4998882\" data-index=\"1\" style=\"float: none; margin:0px 0 0px 0; text-align:center;\">\n<div data-type=\"_mgwidget\" data-widget-id=\"1576712\">\r\n<\/div>\r\n<script>(function(w,q){w[q]=w[q]||[];w[q].push([\"_mgc.load\"])})(window,\"_mgq\");\r\n<\/script>\r\n\n<\/div>\n<p>Kjo jav\u00eb ka nisur n\u00ebn ndikimin e masave t\u00eb ngrohta ajrore, q\u00eb do t\u00eb vazhdoj\u00eb edhe t\u00eb mart\u00ebn. Megjithat\u00eb, pritet nj\u00eb destabilizim i leht\u00eb i atmosfer\u00ebs, me mund\u00ebsi p\u00ebr ndonj\u00eb rrebesh t\u00eb izoluar lokal gjat\u00eb or\u00ebve t\u00eb pasdites.<\/p>\n<p>Nga dita e m\u00ebrkur\u00eb, masat e ftohta ajrore do t\u00eb p\u00ebrhapen gradualisht, duke sjell\u00eb shtim t\u00eb vran\u00ebsirave dhe reshje lokale shiu gjat\u00eb pasdites dhe mbr\u00ebmjes, si dhe ulje t\u00eb theksuar t\u00eb temperaturave. T\u00eb enjten, ndikimi i k\u00ebtyre masave t\u00eb ftohta polare do t\u00eb vijoj\u00eb, me mot kryesisht t\u00eb vran\u00ebt dhe reshje shiu, nd\u00ebrsa n\u00eb zonat malore priten reshje bore.<\/p>\n<p>T\u00eb premten pritet mot me alternim kthjellimesh dhe vran\u00ebsirash, nd\u00ebrsa lokalisht mund t\u00eb ket\u00eb reshje t\u00eb izoluara shiu, dhe bor\u00eb n\u00eb zonat malore. N\u00eb m\u00ebngjes, temperaturat mund t\u00eb zbresin deri n\u00eb vlera negative, dhe nuk p\u00ebrjashtohet mund\u00ebsia e paraqitjes s\u00eb fjollave t\u00eb bor\u00ebs edhe n\u00eb zonat m\u00eb t\u00eb ul\u00ebta, ve\u00e7an\u00ebrisht n\u00eb zon\u00ebn e Llapit.<\/p>\n<p>T\u00eb shtun\u00ebn, moti pritet kryesisht me diell dhe vran\u00ebsira, me reshje t\u00eb pakta lokale shiu, dhe temperatura e m\u00ebngjesit do t\u00eb jet\u00eb negative n\u00eb disa zona. Dita e diel do t\u00eb vijoj\u00eb me diell dhe vran\u00ebsira, me mund\u00ebsi p\u00ebr reshje t\u00eb izoluara, nd\u00ebrsa temperaturat maksimale do t\u00eb sh\u00ebnojn\u00eb rritje.<\/p>\n<p>Era do t\u00eb fryj\u00eb kryesisht nga verilindja, me shpejt\u00ebsi nga 15 deri n\u00eb 52 km\/h. Temperaturat minimale do t\u00eb l\u00ebvizin nga -2 deri n\u00eb 9\u00b0C, nd\u00ebrsa ato maksimale nga 6 deri n\u00eb 26\u00b0C, duke reflektuar ndryshimet nga ndikimi i masave t\u00eb ngrohta dhe t\u00eb ftohta ajrore.<\/p>\n\n<div style=\"font-size: 0px; height: 0px; line-height: 0px; margin: 0; padding: 0; clear: both;\"><\/div>","protected":false},"excerpt":{"rendered":"<p>Kjo jav\u00eb ka nisur n\u00ebn ndikimin e masave t\u00eb ngrohta ajrore, q\u00eb do t\u00eb vazhdoj\u00eb edhe t\u00eb mart\u00ebn. Megjithat\u00eb, pritet nj\u00eb destabilizim i leht\u00eb i atmosfer\u00ebs, me&#8230; <\/p>\n","protected":false},"author":1,"featured_media":30732,"comment_status":"open","ping_status":"open","sticky":false,"template":"","format":"standard","meta":{"footnotes":""},"categories":[6],"tags":[],"class_list":["post-30731","post","type-post","status-publish","format-standard","has-post-thumbnail","hentry","category-lajme"],"_links":{"self":[{"href":"https:\/\/new.findnews5.com\/index.php?rest_route=\/wp\/v2\/posts\/30731","targetHints":{"allow":["GET"]}}],"collection":[{"href":"https:\/\/new.findnews5.com\/index.php?rest_route=\/wp\/v2\/posts"}],"about":[{"href":"https:\/\/new.findnews5.com\/index.php?rest_route=\/wp\/v2\/types\/post"}],"author":[{"embeddable":true,"href":"https:\/\/new.findnews5.com\/index.php?rest_route=\/wp\/v2\/users\/1"}],"replies":[{"embeddable":true,"href":"https:\/\/new.findnews5.com\/index.php?rest_route=%2Fwp%2Fv2%2Fcomments&post=30731"}],"version-history":[{"count":1,"href":"https:\/\/new.findnews5.com\/index.php?rest_route=\/wp\/v2\/posts\/30731\/revisions"}],"predecessor-version":[{"id":30733,"href":"https:\/\/new.findnews5.com\/index.php?rest_route=\/wp\/v2\/posts\/30731\/revisions\/30733"}],"wp:featuredmedia":[{"embeddable":true,"href":"https:\/\/new.findnews5.com\/index.php?rest_route=\/wp\/v2\/media\/30732"}],"wp:attachment":[{"href":"https:\/\/new.findnews5.com\/index.php?rest_route=%2Fwp%2Fv2%2Fmedia&parent=30731"}],"wp:term":[{"taxonomy":"category","embeddable":true,"href":"https:\/\/new.findnews5.com\/index.php?rest_route=%2Fwp%2Fv2%2Fcategories&post=30731"},{"taxonomy":"post_tag","embeddable":true,"href":"https:\/\/new.findnews5.com\/index.php?rest_route=%2Fwp%2Fv2%2Ftags&post=30731"}],"curies":[{"name":"wp","href":"https:\/\/api.w.org\/{rel}","templated":true}]}}