{"id":30728,"date":"2026-04-29T08:00:53","date_gmt":"2026-04-29T08:00:53","guid":{"rendered":"https:\/\/new.findnews5.com\/?p=30728"},"modified":"2026-04-29T08:00:53","modified_gmt":"2026-04-29T08:00:53","slug":"qeveria-vendos-per-indeksimin-zbardhet-menyra-e-llogaritjes","status":"publish","type":"post","link":"https:\/\/new.findnews5.com\/?p=30728","title":{"rendered":"Qeveria vendos p\u00ebr indeksimin, zbardhet m\u00ebnyra e llogaritjes"},"content":{"rendered":"<div class=\"78954ae5fa42b68c1393fe3da4998882\" data-index=\"1\" style=\"float: none; margin:0px 0 0px 0; text-align:center;\">\n<div data-type=\"_mgwidget\" data-widget-id=\"1576712\">\r\n<\/div>\r\n<script>(function(w,q){w[q]=w[q]||[];w[q].push([\"_mgc.load\"])})(window,\"_mgq\");\r\n<\/script>\r\n\n<\/div>\n<p>Qeveria ka miratuar nj\u00eb indeksim t\u00eb pensioneve n\u00eb vler\u00ebn 6.4%, nj\u00eb mas\u00eb q\u00eb synon p\u00ebrmir\u00ebsimin e t\u00eb ardhurave t\u00eb pensionist\u00ebve dhe q\u00eb lidhet direkt me baz\u00ebn e vler\u00ebsuar individuale t\u00eb kontribuimeve t\u00eb paguara deri n\u00eb vitin 2024. Ky indeks do t\u00eb aplikohet p\u00ebr llogaritjen e mas\u00ebs fillestare mujore t\u00eb pensioneve, duke filluar nga data 1 janar 2026 e n\u00eb vazhdim.<\/p>\n<p>Vendimi i miratuar p\u00ebrmban nj\u00eb korniz\u00eb t\u00eb qart\u00eb ligjore, duke u mb\u00ebshtetur n\u00eb Kushtetut\u00ebn dhe ligjin p\u00ebr sigurimet shoq\u00ebrore, si dhe n\u00eb vendime t\u00eb m\u00ebparshme t\u00eb K\u00ebshillit t\u00eb Ministrave p\u00ebr p\u00ebrcaktimin e pagave referuese p\u00ebr llogaritjen e pensioneve. Ky strukturim siguron q\u00eb indeksimi t\u00eb jet\u00eb i drejt\u00eb dhe transparent p\u00ebr t\u00eb gjith\u00eb p\u00ebrfituesit.<\/p>\n<p>Indeksi i 6.4% do t\u00eb aplikohet p\u00ebr baz\u00ebn e vler\u00ebsuar individuale vjetore, duke marr\u00eb parasysh kontributet dhe rivler\u00ebsimet e tyre, t\u00eb kryera deri n\u00eb vitin 2024. Ky mekaniz\u00ebm garanton q\u00eb \u00e7do pensionist t\u00eb p\u00ebrfitoj\u00eb rritje t\u00eb pensionit sipas kontributeve t\u00eb sakta t\u00eb paguara gjat\u00eb gjith\u00eb periudh\u00ebs s\u00eb pun\u00ebs.<\/p>\n<p>Vendimi p\u00ebrcakton gjithashtu kufij p\u00ebr baz\u00ebn e vler\u00ebsuar: p\u00ebr pensionet e periudh\u00ebs 1994-2001, masa fillestare nuk mund t\u00eb tejkaloj\u00eb trefishin e pag\u00ebs minimale n\u00eb vend, nd\u00ebrsa p\u00ebr periudh\u00ebn nga viti 2002 e n\u00eb vazhdim, nuk mund t\u00eb tejkaloj\u00eb pag\u00ebn maksimale t\u00eb p\u00ebrcaktuar ligj\u00ebrisht. K\u00ebto kufizime sigurojn\u00eb nj\u00eb balanc\u00eb mes drejt\u00ebsis\u00eb sociale dhe q\u00ebndrueshm\u00ebris\u00eb buxhetore.<\/p>\n<p>Efektet financiare t\u00eb k\u00ebtij vendimi do t\u00eb zbatohen brenda buxhetit vjetor t\u00eb Institutit t\u00eb Sigurimeve Shoq\u00ebrore, i cili ngarkohet gjithashtu me zbatimin praktik. Vendimi hyn n\u00eb fuqi pas botimit n\u00eb \u201cFletoren zyrtare\u201d dhe i shtrin efektet financiare duke filluar nga 1 janari 2026, duke garantuar stabilitet dhe parashikueshm\u00ebri p\u00ebr pensionist\u00ebt.<\/p>\n\n<div style=\"font-size: 0px; height: 0px; line-height: 0px; margin: 0; padding: 0; clear: both;\"><\/div>","protected":false},"excerpt":{"rendered":"<p>Qeveria ka miratuar nj\u00eb indeksim t\u00eb pensioneve n\u00eb vler\u00ebn 6.4%, nj\u00eb mas\u00eb q\u00eb synon p\u00ebrmir\u00ebsimin e t\u00eb ardhurave t\u00eb pensionist\u00ebve dhe q\u00eb lidhet direkt me baz\u00ebn e&#8230; <\/p>\n","protected":false},"author":1,"featured_media":30729,"comment_status":"open","ping_status":"open","sticky":false,"template":"","format":"standard","meta":{"footnotes":""},"categories":[6],"tags":[],"class_list":["post-30728","post","type-post","status-publish","format-standard","has-post-thumbnail","hentry","category-lajme"],"_links":{"self":[{"href":"https:\/\/new.findnews5.com\/index.php?rest_route=\/wp\/v2\/posts\/30728","targetHints":{"allow":["GET"]}}],"collection":[{"href":"https:\/\/new.findnews5.com\/index.php?rest_route=\/wp\/v2\/posts"}],"about":[{"href":"https:\/\/new.findnews5.com\/index.php?rest_route=\/wp\/v2\/types\/post"}],"author":[{"embeddable":true,"href":"https:\/\/new.findnews5.com\/index.php?rest_route=\/wp\/v2\/users\/1"}],"replies":[{"embeddable":true,"href":"https:\/\/new.findnews5.com\/index.php?rest_route=%2Fwp%2Fv2%2Fcomments&post=30728"}],"version-history":[{"count":1,"href":"https:\/\/new.findnews5.com\/index.php?rest_route=\/wp\/v2\/posts\/30728\/revisions"}],"predecessor-version":[{"id":30730,"href":"https:\/\/new.findnews5.com\/index.php?rest_route=\/wp\/v2\/posts\/30728\/revisions\/30730"}],"wp:featuredmedia":[{"embeddable":true,"href":"https:\/\/new.findnews5.com\/index.php?rest_route=\/wp\/v2\/media\/30729"}],"wp:attachment":[{"href":"https:\/\/new.findnews5.com\/index.php?rest_route=%2Fwp%2Fv2%2Fmedia&parent=30728"}],"wp:term":[{"taxonomy":"category","embeddable":true,"href":"https:\/\/new.findnews5.com\/index.php?rest_route=%2Fwp%2Fv2%2Fcategories&post=30728"},{"taxonomy":"post_tag","embeddable":true,"href":"https:\/\/new.findnews5.com\/index.php?rest_route=%2Fwp%2Fv2%2Ftags&post=30728"}],"curies":[{"name":"wp","href":"https:\/\/api.w.org\/{rel}","templated":true}]}}