{"id":30725,"date":"2026-04-29T07:58:25","date_gmt":"2026-04-29T07:58:25","guid":{"rendered":"https:\/\/new.findnews5.com\/?p=30725"},"modified":"2026-04-29T07:58:26","modified_gmt":"2026-04-29T07:58:26","slug":"lajm-i-mire-nga-rama-per-pensionistet-duke-nisur-nga","status":"publish","type":"post","link":"https:\/\/new.findnews5.com\/?p=30725","title":{"rendered":"Lajm i mir\u00eb nga Rama p\u00ebr pensionist\u00ebt\/ Duke nisur nga\u2026"},"content":{"rendered":"<div class=\"78954ae5fa42b68c1393fe3da4998882\" data-index=\"1\" style=\"float: none; margin:0px 0 0px 0; text-align:center;\">\n<div data-type=\"_mgwidget\" data-widget-id=\"1576712\">\r\n<\/div>\r\n<script>(function(w,q){w[q]=w[q]||[];w[q].push([\"_mgc.load\"])})(window,\"_mgq\");\r\n<\/script>\r\n\n<\/div>\n<p>Kryeministri Edi Rama u ndal te masa e rritjes s\u00eb pensioneve, duke theksuar se p\u00ebrmir\u00ebsimi i situat\u00ebs ekonomike ka krijuar mund\u00ebsit\u00eb p\u00ebr rritje t\u00eb pensioneve \u00e7do vit. Ai n\u00ebnvizoi se ky proces \u00ebsht\u00eb tashm\u00eb i planifikuar dhe nuk varet nga faktor\u00eb t\u00eb paparashikuesh\u00ebm.<\/p>\n<p>\u201cSistemi \u00ebsht\u00eb i planifikuar, k\u00ebshtu q\u00eb pensioni q\u00eb u rrit n\u00eb janar t\u00eb k\u00ebtij viti do t\u00eb dyfishohet n\u00eb janarin e vitit tjet\u00ebr, m\u00eb pas do t\u00eb trefishohet n\u00eb janarin e 2028-s, do t\u00eb b\u00ebhet kat\u00ebrfish n\u00eb janarin e 2029-s dhe pes\u00ebfish n\u00eb janarin e 2030-s,\u201d tha Rama, duke shpjeguar mekanizmin e rritjes s\u00eb p\u00ebrvitshme.<\/p>\n<p>Kreu i Qeveris\u00eb vuri n\u00eb dukje se rritja e mund\u00ebsive financiare lidhet drejtp\u00ebrdrejt me zhvillimin ekonomik t\u00eb vendit. Ai theksoi se nj\u00eb ekonomi m\u00eb e fort\u00eb i mund\u00ebson shtetit t\u00eb rris\u00eb pensionet dhe pagat pa rrezikuar stabilitetin financiar.<\/p>\n<p>Rama u ndal gjithashtu tek kritikat q\u00eb lidhin k\u00ebt\u00eb rritje me korrupsionin. Ai argumentoi se n\u00ebse korrupsioni do t\u00eb kishte qen\u00eb n\u00eb nivele t\u00eb larta, t\u00eb ardhurat e shtetit nuk do t\u00eb kishin sh\u00ebnuar rritje dhe nuk do t\u00eb ishte e mundur rritja e pensioneve dhe e pagave.<\/p>\n<p>\u201c\u00cbsht\u00eb e qart\u00eb se t\u00eb ardhurat e shtetit jan\u00eb rritur dhe kjo \u00ebsht\u00eb d\u00ebshmi se ekonomia funksionon. Ata q\u00eb flasin p\u00ebr rritjen e korrupsionit duhet ta kuptojn\u00eb se pa nj\u00eb ekonomi t\u00eb fort\u00eb, nuk do t\u00eb mund t\u00eb realizonim k\u00ebto masa,\u201d p\u00ebrfundoi Rama.<\/p>\n\n<div style=\"font-size: 0px; height: 0px; line-height: 0px; margin: 0; padding: 0; clear: both;\"><\/div>","protected":false},"excerpt":{"rendered":"<p>Kryeministri Edi Rama u ndal te masa e rritjes s\u00eb pensioneve, duke theksuar se p\u00ebrmir\u00ebsimi i situat\u00ebs ekonomike ka krijuar mund\u00ebsit\u00eb p\u00ebr rritje t\u00eb pensioneve \u00e7do vit&#8230;. <\/p>\n","protected":false},"author":1,"featured_media":30726,"comment_status":"open","ping_status":"open","sticky":false,"template":"","format":"standard","meta":{"footnotes":""},"categories":[6],"tags":[],"class_list":["post-30725","post","type-post","status-publish","format-standard","has-post-thumbnail","hentry","category-lajme"],"_links":{"self":[{"href":"https:\/\/new.findnews5.com\/index.php?rest_route=\/wp\/v2\/posts\/30725","targetHints":{"allow":["GET"]}}],"collection":[{"href":"https:\/\/new.findnews5.com\/index.php?rest_route=\/wp\/v2\/posts"}],"about":[{"href":"https:\/\/new.findnews5.com\/index.php?rest_route=\/wp\/v2\/types\/post"}],"author":[{"embeddable":true,"href":"https:\/\/new.findnews5.com\/index.php?rest_route=\/wp\/v2\/users\/1"}],"replies":[{"embeddable":true,"href":"https:\/\/new.findnews5.com\/index.php?rest_route=%2Fwp%2Fv2%2Fcomments&post=30725"}],"version-history":[{"count":1,"href":"https:\/\/new.findnews5.com\/index.php?rest_route=\/wp\/v2\/posts\/30725\/revisions"}],"predecessor-version":[{"id":30727,"href":"https:\/\/new.findnews5.com\/index.php?rest_route=\/wp\/v2\/posts\/30725\/revisions\/30727"}],"wp:featuredmedia":[{"embeddable":true,"href":"https:\/\/new.findnews5.com\/index.php?rest_route=\/wp\/v2\/media\/30726"}],"wp:attachment":[{"href":"https:\/\/new.findnews5.com\/index.php?rest_route=%2Fwp%2Fv2%2Fmedia&parent=30725"}],"wp:term":[{"taxonomy":"category","embeddable":true,"href":"https:\/\/new.findnews5.com\/index.php?rest_route=%2Fwp%2Fv2%2Fcategories&post=30725"},{"taxonomy":"post_tag","embeddable":true,"href":"https:\/\/new.findnews5.com\/index.php?rest_route=%2Fwp%2Fv2%2Ftags&post=30725"}],"curies":[{"name":"wp","href":"https:\/\/api.w.org\/{rel}","templated":true}]}}