{"id":30714,"date":"2026-04-28T17:37:35","date_gmt":"2026-04-28T17:37:35","guid":{"rendered":"https:\/\/new.findnews5.com\/?p=30714"},"modified":"2026-04-28T17:37:35","modified_gmt":"2026-04-28T17:37:35","slug":"jam-e-pasur-monika-kryemadhi-mamaja-ime-ka-pasur-kusherinj-jashte-shtetit-qe-ne-1995-kemi-pasur-prona-me-qira-2","status":"publish","type":"post","link":"https:\/\/new.findnews5.com\/?p=30714","title":{"rendered":"\u201cJam e pasur\u2026\u201d \u2013 Monika Kryemadhi: Mamaja ime ka pasur kush\u00ebrinj jasht\u00eb shtetit, q\u00eb n\u00eb 1995 kemi pasur prona me qira"},"content":{"rendered":"<div class=\"78954ae5fa42b68c1393fe3da4998882\" data-index=\"1\" style=\"float: none; margin:0px 0 0px 0; text-align:center;\">\n<div data-type=\"_mgwidget\" data-widget-id=\"1576712\">\r\n<\/div>\r\n<script>(function(w,q){w[q]=w[q]||[];w[q].push([\"_mgc.load\"])})(window,\"_mgq\");\r\n<\/script>\r\n\n<\/div>\n<p>Ish-deputetja Monika Kryemadhi foli s\u00eb fundmi p\u00ebr pasurin\u00eb e saj dhe familjes n\u00eb emisionin \u201cLog\u201d, duke theksuar se p\u00ebr t\u00eb pasuria nuk jan\u00eb parat\u00eb, por familja. Ajo tha se mund t\u00eb kesh parat\u00eb, por nuk \u00ebsht\u00eb gjith\u00e7ka, dhe se nuk ndihet as e pasur e as e varf\u00ebr.<\/p>\n<p>Kryemadhi rikujtoi periudh\u00ebn nga viti 1995, kur apartamenti i saj tek \u201cShallvaret\u201d u jepte me qira p\u00ebrmes kontratave t\u00eb noterizuara. Ajo theksoi se prej 9 vitesh familja kishte p\u00ebrfituar rreth 200 mij\u00eb dollar\u00eb vet\u00ebm nga k\u00ebto qira.<\/p>\n<p>Ajo u ndal gjithashtu tek pretendimet e SPAK p\u00ebr shitjen e nj\u00eb apartamenti n\u00eb Qerret, duke th\u00ebn\u00eb se gjith\u00e7ka ishte deklaruar ligj\u00ebrisht. Sipas saj, prokuror\u00ebt kan\u00eb \u201cmbyllur syt\u00eb\u201d p\u00ebr dokumentacionin ekzistues dhe pretendojn\u00eb t\u00eb kund\u00ebrt\u00ebn.<\/p>\n<p>Kryemadhi theksoi se apartamenti i Qerretit u ble n\u00eb 2002 dhe u shit n\u00eb 2006 p\u00ebr 300 mij\u00eb euro cash, duke deklaruar gjith\u00e7ka me Ilir Met\u00ebn. Ajo shtoi se dokumentat e noterizuara dhe mandatet e tatimeve jan\u00eb prova t\u00eb qarta t\u00eb burimeve t\u00eb pasuris\u00eb s\u00eb familjes.<\/p>\n<p>N\u00eb fjal\u00ebn e saj, Kryemadhi u shpreh se nuk merret me pasurit\u00eb e t\u00eb af\u00ebrmve dhe se t\u00eb ardhurat e saj jan\u00eb t\u00eb bazuara n\u00eb kontrata t\u00eb qirave t\u00eb notarizuara dhe dokumente ligjore. Shitja e banes\u00ebs dhe blerja e sht\u00ebpis\u00eb n\u00eb Bllok u kryen me fonde t\u00eb deklaruara, pa elemente t\u00eb pastrimit t\u00eb parave.<\/p>\n\n<div style=\"font-size: 0px; height: 0px; line-height: 0px; margin: 0; padding: 0; clear: both;\"><\/div>","protected":false},"excerpt":{"rendered":"<p>Ish-deputetja Monika Kryemadhi foli s\u00eb fundmi p\u00ebr pasurin\u00eb e saj dhe familjes n\u00eb emisionin \u201cLog\u201d, duke theksuar se p\u00ebr t\u00eb pasuria nuk jan\u00eb parat\u00eb, por familja. Ajo&#8230; <\/p>\n","protected":false},"author":1,"featured_media":30715,"comment_status":"open","ping_status":"open","sticky":false,"template":"","format":"standard","meta":{"footnotes":""},"categories":[6],"tags":[],"class_list":["post-30714","post","type-post","status-publish","format-standard","has-post-thumbnail","hentry","category-lajme"],"_links":{"self":[{"href":"https:\/\/new.findnews5.com\/index.php?rest_route=\/wp\/v2\/posts\/30714","targetHints":{"allow":["GET"]}}],"collection":[{"href":"https:\/\/new.findnews5.com\/index.php?rest_route=\/wp\/v2\/posts"}],"about":[{"href":"https:\/\/new.findnews5.com\/index.php?rest_route=\/wp\/v2\/types\/post"}],"author":[{"embeddable":true,"href":"https:\/\/new.findnews5.com\/index.php?rest_route=\/wp\/v2\/users\/1"}],"replies":[{"embeddable":true,"href":"https:\/\/new.findnews5.com\/index.php?rest_route=%2Fwp%2Fv2%2Fcomments&post=30714"}],"version-history":[{"count":1,"href":"https:\/\/new.findnews5.com\/index.php?rest_route=\/wp\/v2\/posts\/30714\/revisions"}],"predecessor-version":[{"id":30716,"href":"https:\/\/new.findnews5.com\/index.php?rest_route=\/wp\/v2\/posts\/30714\/revisions\/30716"}],"wp:featuredmedia":[{"embeddable":true,"href":"https:\/\/new.findnews5.com\/index.php?rest_route=\/wp\/v2\/media\/30715"}],"wp:attachment":[{"href":"https:\/\/new.findnews5.com\/index.php?rest_route=%2Fwp%2Fv2%2Fmedia&parent=30714"}],"wp:term":[{"taxonomy":"category","embeddable":true,"href":"https:\/\/new.findnews5.com\/index.php?rest_route=%2Fwp%2Fv2%2Fcategories&post=30714"},{"taxonomy":"post_tag","embeddable":true,"href":"https:\/\/new.findnews5.com\/index.php?rest_route=%2Fwp%2Fv2%2Ftags&post=30714"}],"curies":[{"name":"wp","href":"https:\/\/api.w.org\/{rel}","templated":true}]}}