{"id":30321,"date":"2026-03-16T10:44:23","date_gmt":"2026-03-16T10:44:23","guid":{"rendered":"https:\/\/new.findnews5.com\/?p=30321"},"modified":"2026-03-16T10:44:24","modified_gmt":"2026-03-16T10:44:24","slug":"paralajmerimi-berisha-pas-deklaratas-se-rames-me-22-mars-i-japim","status":"publish","type":"post","link":"https:\/\/new.findnews5.com\/?p=30321","title":{"rendered":"Paralajm\u00ebrimi\/ Berisha pas deklaratas s\u00eb Ram\u00ebs: M\u00eb 22 mars i japim\u2026"},"content":{"rendered":"<div class=\"78954ae5fa42b68c1393fe3da4998882\" data-index=\"1\" style=\"float: none; margin:0px 0 0px 0; text-align:center;\">\n<div data-type=\"_mgwidget\" data-widget-id=\"1576712\">\r\n<\/div>\r\n<script>(function(w,q){w[q]=w[q]||[];w[q].push([\"_mgc.load\"])})(window,\"_mgq\");\r\n<\/script>\r\n\n<\/div>\n<p>Sali Berisha reagoi dit\u00ebn e sotme me nj\u00eb video-mesazh ndaj deklaratave t\u00eb Edi Ram\u00ebs, duke e akuzuar kryeministrin se po mbron me \u00e7do kusht Belinda Ballukun. Sipas tij, Rama po p\u00ebrpiqet t\u00eb mbyll\u00eb nj\u00eb \u00e7\u00ebshtje q\u00eb, sipas Berish\u00ebs, tashm\u00eb ka marr\u00eb p\u00ebrmasa t\u00eb m\u00ebdha politike dhe publike.<\/p>\n<p>Berisha deklaroi se \u201c\u00e7\u00ebshtja Balluku \u00ebsht\u00eb \u00e7\u00ebshtja Rama\u201d dhe se ajo nuk mund t\u00eb mbyllet pa largimin e tij nga pushteti. Ai theksoi se kjo \u00e7\u00ebshtje nuk mund t\u00eb shuhet me vendime politike apo me mb\u00ebshtetje nga shumica parlamentare.<\/p>\n<p>\u201cE v\u00ebrteta \u00ebsht\u00eb se \u00e7\u00ebshtja Balluku nuk mbyllet kurr\u00eb dhe se \u00e7\u00ebshtja Balluku \u00ebsht\u00eb vet\u00ebm \u00e7\u00ebshtja Rama dhe ajo mbyllet vet\u00ebm me largimin e Edi Ram\u00ebs. \u00c7\u00ebshtja Balluku \u00ebsht\u00eb b\u00ebr\u00eb nj\u00eb \u00e7\u00ebshtje nd\u00ebrkomb\u00ebtare dhe Edi Rama nuk mund ta mbyll\u00eb at\u00eb me nj\u00eb grusht hajdut\u00ebsh n\u00eb parlamentin e tij. Edi Rama vet\u00eb demaskoi veten n\u00eb k\u00ebt\u00eb \u00e7\u00ebshtje dhe ai d\u00ebshmoi se \u00ebsht\u00eb autori i t\u00eb gjitha veprave penale t\u00eb Lubi Ballukut\u201d, u shpreh Berisha.<\/p>\n<p>Berisha kritikoi gjithashtu projektin p\u00ebr zhvendosjen e Portit t\u00eb Durr\u00ebsit drejt Porto Romanos, si dhe \u00e7mimin e lart\u00eb t\u00eb naft\u00ebs n\u00eb Shqip\u00ebri. Ai e cil\u00ebsoi k\u00ebt\u00eb projekt si \u201cmashtrimin m\u00eb t\u00eb madh t\u00eb dit\u00ebs\u201d, duke pretenduar se porti i planifikuar n\u00eb Porto Romano do t\u00eb jet\u00eb shum\u00eb m\u00eb i vog\u00ebl se porti aktual i Durr\u00ebsit dhe se synimi i v\u00ebrtet\u00eb \u00ebsht\u00eb vazhdimi i projektit q\u00eb ai e quajti \u201cDubait t\u00eb 1001 net\u00ebve\u201d.<\/p>\n\n<div style=\"font-size: 0px; height: 0px; line-height: 0px; margin: 0; padding: 0; clear: both;\"><\/div>","protected":false},"excerpt":{"rendered":"<p>Sali Berisha reagoi dit\u00ebn e sotme me nj\u00eb video-mesazh ndaj deklaratave t\u00eb Edi Ram\u00ebs, duke e akuzuar kryeministrin se po mbron me \u00e7do kusht Belinda Ballukun. Sipas&#8230; <\/p>\n","protected":false},"author":1,"featured_media":30322,"comment_status":"open","ping_status":"open","sticky":false,"template":"","format":"standard","meta":{"footnotes":""},"categories":[6],"tags":[],"class_list":["post-30321","post","type-post","status-publish","format-standard","has-post-thumbnail","hentry","category-lajme"],"_links":{"self":[{"href":"https:\/\/new.findnews5.com\/index.php?rest_route=\/wp\/v2\/posts\/30321","targetHints":{"allow":["GET"]}}],"collection":[{"href":"https:\/\/new.findnews5.com\/index.php?rest_route=\/wp\/v2\/posts"}],"about":[{"href":"https:\/\/new.findnews5.com\/index.php?rest_route=\/wp\/v2\/types\/post"}],"author":[{"embeddable":true,"href":"https:\/\/new.findnews5.com\/index.php?rest_route=\/wp\/v2\/users\/1"}],"replies":[{"embeddable":true,"href":"https:\/\/new.findnews5.com\/index.php?rest_route=%2Fwp%2Fv2%2Fcomments&post=30321"}],"version-history":[{"count":1,"href":"https:\/\/new.findnews5.com\/index.php?rest_route=\/wp\/v2\/posts\/30321\/revisions"}],"predecessor-version":[{"id":30323,"href":"https:\/\/new.findnews5.com\/index.php?rest_route=\/wp\/v2\/posts\/30321\/revisions\/30323"}],"wp:featuredmedia":[{"embeddable":true,"href":"https:\/\/new.findnews5.com\/index.php?rest_route=\/wp\/v2\/media\/30322"}],"wp:attachment":[{"href":"https:\/\/new.findnews5.com\/index.php?rest_route=%2Fwp%2Fv2%2Fmedia&parent=30321"}],"wp:term":[{"taxonomy":"category","embeddable":true,"href":"https:\/\/new.findnews5.com\/index.php?rest_route=%2Fwp%2Fv2%2Fcategories&post=30321"},{"taxonomy":"post_tag","embeddable":true,"href":"https:\/\/new.findnews5.com\/index.php?rest_route=%2Fwp%2Fv2%2Ftags&post=30321"}],"curies":[{"name":"wp","href":"https:\/\/api.w.org\/{rel}","templated":true}]}}