{"id":30316,"date":"2026-03-15T17:41:49","date_gmt":"2026-03-15T17:41:49","guid":{"rendered":"https:\/\/new.findnews5.com\/?p=30316"},"modified":"2026-03-15T17:41:50","modified_gmt":"2026-03-15T17:41:50","slug":"daut-haradinaj-jam-pro-nje-kualiconi-me-te-gjere-opozitar-edhe-vjosa-osmani-mund-te-jete-pjese-e-ketij-fronti-kunder-lvv-se","status":"publish","type":"post","link":"https:\/\/new.findnews5.com\/?p=30316","title":{"rendered":"Daut Haradinaj: Jam pro nj\u00eb kualiconi m\u00eb t\u00eb gjer\u00eb opozitar, edhe Vjosa Osmani mund t\u00eb jet\u00eb pjes\u00eb e k\u00ebtij Fronti kund\u00ebr LVV-s\u00eb"},"content":{"rendered":"<div class=\"78954ae5fa42b68c1393fe3da4998882\" data-index=\"1\" style=\"float: none; margin:0px 0 0px 0; text-align:center;\">\n<div data-type=\"_mgwidget\" data-widget-id=\"1576712\">\r\n<\/div>\r\n<script>(function(w,q){w[q]=w[q]||[];w[q].push([\"_mgc.load\"])})(window,\"_mgq\");\r\n<\/script>\r\n\n<\/div>\n<p>Deklarata e Daut Haradinajt p\u00ebr nj\u00eb koalicion m\u00eb t\u00eb gjer\u00eb opozitar tregon se n\u00eb sken\u00ebn politike t\u00eb Kosov\u00ebs po intensifikohet diskutimi p\u00ebr bashkimin e forcave kund\u00ebr L\u00ebvizjes Vet\u00ebvendosje. Ideja e nj\u00eb \u201cfronti t\u00eb p\u00ebrbashk\u00ebt\u201d opozitar nuk \u00ebsht\u00eb e re n\u00eb politik\u00ebn kosovare, por p\u00ebrfshirja e mundshme e presidentes Vjosa Osmani n\u00eb nj\u00eb konfigurim t\u00eb till\u00eb politik e b\u00ebn deklarat\u00ebn m\u00eb t\u00eb ndjeshme dhe politikisht m\u00eb t\u00eb diskutueshme.<\/p>\n<p>Nga nj\u00eb k\u00ebndv\u00ebshtrim institucional, p\u00ebrfshirja e presidentes n\u00eb nj\u00eb projekt opozitar do t\u00eb ngrinte pik\u00ebpyetje p\u00ebr rolin e saj kushtetues, pasi posti i presidentit k\u00ebrkon nj\u00eb shkall\u00eb t\u00eb lart\u00eb neutraliteti politik. Megjithat\u00eb, deklarata e Haradinajt mund t\u00eb lexohet m\u00eb shum\u00eb si nj\u00eb sinjal politik dhe nj\u00eb p\u00ebrpjekje p\u00ebr t\u00eb zgjeruar hap\u00ebsir\u00ebn e bashk\u00ebpunimit opozitar, sesa si nj\u00eb propozim konkret p\u00ebr nj\u00eb rreshtim t\u00eb menj\u00ebhersh\u00ebm t\u00eb Osmanit n\u00eb nj\u00eb front kund\u00ebr qeveris\u00eb.<\/p>\n<p>N\u00eb planin politik, kjo tregon edhe v\u00ebshtir\u00ebsin\u00eb e partive opozitare p\u00ebr t\u00eb nd\u00ebrtuar nj\u00eb alternativ\u00eb t\u00eb fuqishme individuale p\u00ebrball\u00eb LVV-s\u00eb, prandaj ideja e nj\u00eb koalicioni m\u00eb t\u00eb gjer\u00eb shihet si rrug\u00eb p\u00ebr t\u00eb konsoliduar vot\u00ebn kund\u00ebrshtuese. Megjithat\u00eb, mbetet p\u00ebr t\u2019u par\u00eb n\u00ebse partit\u00eb opozitare do t\u00eb arrijn\u00eb t\u00eb kap\u00ebrcejn\u00eb dallimet programore dhe rivalitetet e brendshme p\u00ebr t\u00eb nd\u00ebrtuar nj\u00eb bashk\u00ebpunim real politik.<\/p>\n\n<div style=\"font-size: 0px; height: 0px; line-height: 0px; margin: 0; padding: 0; clear: both;\"><\/div>","protected":false},"excerpt":{"rendered":"<p>Deklarata e Daut Haradinajt p\u00ebr nj\u00eb koalicion m\u00eb t\u00eb gjer\u00eb opozitar tregon se n\u00eb sken\u00ebn politike t\u00eb Kosov\u00ebs po intensifikohet diskutimi p\u00ebr bashkimin e forcave kund\u00ebr L\u00ebvizjes&#8230; <\/p>\n","protected":false},"author":1,"featured_media":30317,"comment_status":"open","ping_status":"open","sticky":false,"template":"","format":"standard","meta":{"footnotes":""},"categories":[6],"tags":[],"class_list":["post-30316","post","type-post","status-publish","format-standard","has-post-thumbnail","hentry","category-lajme"],"_links":{"self":[{"href":"https:\/\/new.findnews5.com\/index.php?rest_route=\/wp\/v2\/posts\/30316","targetHints":{"allow":["GET"]}}],"collection":[{"href":"https:\/\/new.findnews5.com\/index.php?rest_route=\/wp\/v2\/posts"}],"about":[{"href":"https:\/\/new.findnews5.com\/index.php?rest_route=\/wp\/v2\/types\/post"}],"author":[{"embeddable":true,"href":"https:\/\/new.findnews5.com\/index.php?rest_route=\/wp\/v2\/users\/1"}],"replies":[{"embeddable":true,"href":"https:\/\/new.findnews5.com\/index.php?rest_route=%2Fwp%2Fv2%2Fcomments&post=30316"}],"version-history":[{"count":1,"href":"https:\/\/new.findnews5.com\/index.php?rest_route=\/wp\/v2\/posts\/30316\/revisions"}],"predecessor-version":[{"id":30318,"href":"https:\/\/new.findnews5.com\/index.php?rest_route=\/wp\/v2\/posts\/30316\/revisions\/30318"}],"wp:featuredmedia":[{"embeddable":true,"href":"https:\/\/new.findnews5.com\/index.php?rest_route=\/wp\/v2\/media\/30317"}],"wp:attachment":[{"href":"https:\/\/new.findnews5.com\/index.php?rest_route=%2Fwp%2Fv2%2Fmedia&parent=30316"}],"wp:term":[{"taxonomy":"category","embeddable":true,"href":"https:\/\/new.findnews5.com\/index.php?rest_route=%2Fwp%2Fv2%2Fcategories&post=30316"},{"taxonomy":"post_tag","embeddable":true,"href":"https:\/\/new.findnews5.com\/index.php?rest_route=%2Fwp%2Fv2%2Ftags&post=30316"}],"curies":[{"name":"wp","href":"https:\/\/api.w.org\/{rel}","templated":true}]}}