{"id":30310,"date":"2026-03-15T17:36:42","date_gmt":"2026-03-15T17:36:42","guid":{"rendered":"https:\/\/new.findnews5.com\/?p=30310"},"modified":"2026-03-15T17:36:42","modified_gmt":"2026-03-15T17:36:42","slug":"gashi-pas-83-vitesh-kosova-duhet-ta-aneksoje-shqiperine-qe-te-mos-e-marre-serbia","status":"publish","type":"post","link":"https:\/\/new.findnews5.com\/?p=30310","title":{"rendered":"Gashi: Pas 83 vitesh, Kosova duhet ta aneksoj\u00eb Shqip\u00ebrin\u00eb q\u00eb t\u00eb mos e marr\u00eb Serbia"},"content":{"rendered":"<div class=\"78954ae5fa42b68c1393fe3da4998882\" data-index=\"1\" style=\"float: none; margin:0px 0 0px 0; text-align:center;\">\n<div data-type=\"_mgwidget\" data-widget-id=\"1576712\">\r\n<\/div>\r\n<script>(function(w,q){w[q]=w[q]||[];w[q].push([\"_mgc.load\"])})(window,\"_mgq\");\r\n<\/script>\r\n\n<\/div>\n<p>Analisti Shk\u00eblzen Gashi ka sjell\u00eb n\u00eb v\u00ebmendje nj\u00eb artikull historik t\u00eb vitit 1943, t\u00eb autorit Nebil \u00c7ika, p\u00ebr t\u00eb b\u00ebr\u00eb nj\u00eb paralele t\u00eb fort\u00eb dhe provokuese me realitetin aktual gjeopolitik. P\u00ebrmes nj\u00eb postimi n\u00eb rrjetet sociale, Gashi ka hedhur iden\u00eb se pas m\u00eb shum\u00eb se tet\u00eb dekadash nga koha kur diskutohej aneksimi i Kosov\u00ebs nga Shqip\u00ebria, situata duhet t\u00eb p\u00ebrmbyset dhe t\u00eb shihet nga nj\u00eb k\u00ebndv\u00ebshtrim tjet\u00ebr.<\/p>\n<p>N\u00eb shkrimin e tij t\u00eb dhjetorit 1943, Nebil \u00c7ika argumentonte se pa Kosov\u00ebn, Shqip\u00ebria nuk mund t\u00eb ishte nj\u00eb shtet i vet\u00ebmjaftuesh\u00ebm. Sipas tij, bashkimi me Kosov\u00ebn do t\u00eb siguronte pavar\u00ebsi ekonomike dhe burime t\u00eb mjaftueshme, si dhe nj\u00eb fuqi m\u00eb t\u00eb madhe demografike duke dyfishuar popullsin\u00eb dhe pesh\u00ebn politike t\u00eb vendit.<\/p>\n<p>Po ashtu, \u00c7ika theksonte se nj\u00eb bashkim i till\u00eb do t\u00eb sillte zhvillim m\u00eb t\u00eb madh mendor dhe kulturor, pasi nj\u00eb treg prej rreth dy milion\u00eb banor\u00ebsh do t\u00eb krijonte hap\u00ebsir\u00eb m\u00eb t\u00eb gjer\u00eb p\u00ebr artin, let\u00ebrsin\u00eb dhe jet\u00ebn intelektuale shqiptare. Ai kritikon edhe elit\u00ebn politike t\u00eb Shqip\u00ebris\u00eb s\u00eb vitit 1913, t\u00eb cil\u00ebt, sipas tij, nuk b\u00ebn\u00eb asgj\u00eb p\u00ebr ta kthyer \u00e7\u00ebshtjen e Kosov\u00ebs n\u00eb nj\u00eb \u201cdogm\u00eb\u201d t\u00eb pal\u00ebkundur n\u00eb nd\u00ebrgjegjen komb\u00ebtare t\u00eb shqiptar\u00ebve.<\/p>\n<p>Duke reflektuar mbi k\u00ebto teza pas 83 vitesh, Shk\u00eblzen Gashi vjen me nj\u00eb p\u00ebrfundim ndryshe, duke sugjeruar se sot balanca e nevoj\u00ebs ka ndryshuar drejtim. \u201cPo mendoja se 83 vjet pas botimit t\u00eb k\u00ebtij shkrimi, n\u00eb fakt Kosova do t\u00eb duhej ta aneksonte Shqip\u00ebrin\u00eb, p\u00ebrndryshe shum\u00eb shpejt Serbia ka p\u00ebr ta aneksuar Shqip\u00ebrin\u00eb,\u201d shkruan Gashi. Ky konstatim vjen si nj\u00eb paralajm\u00ebrim p\u00ebr rreziqet e ndikimit serb n\u00eb rajon dhe si nj\u00eb thirrje p\u00ebr nj\u00eb rol m\u00eb proaktiv t\u00eb Kosov\u00ebs n\u00eb raport me shtetin am\u00eb, duke p\u00ebrdorur termin \u201caneksim\u201d n\u00eb m\u00ebnyr\u00eb metaforike p\u00ebr t\u00eb theksuar nevoj\u00ebn p\u00ebr nj\u00eb unitet t\u00eb ri politik e komb\u00ebtar. (INA)<\/p>\n\n<div style=\"font-size: 0px; height: 0px; line-height: 0px; margin: 0; padding: 0; clear: both;\"><\/div>","protected":false},"excerpt":{"rendered":"<p>Analisti Shk\u00eblzen Gashi ka sjell\u00eb n\u00eb v\u00ebmendje nj\u00eb artikull historik t\u00eb vitit 1943, t\u00eb autorit Nebil \u00c7ika, p\u00ebr t\u00eb b\u00ebr\u00eb nj\u00eb paralele t\u00eb fort\u00eb dhe provokuese me&#8230; <\/p>\n","protected":false},"author":1,"featured_media":30311,"comment_status":"open","ping_status":"open","sticky":false,"template":"","format":"standard","meta":{"footnotes":""},"categories":[6],"tags":[],"class_list":["post-30310","post","type-post","status-publish","format-standard","has-post-thumbnail","hentry","category-lajme"],"_links":{"self":[{"href":"https:\/\/new.findnews5.com\/index.php?rest_route=\/wp\/v2\/posts\/30310","targetHints":{"allow":["GET"]}}],"collection":[{"href":"https:\/\/new.findnews5.com\/index.php?rest_route=\/wp\/v2\/posts"}],"about":[{"href":"https:\/\/new.findnews5.com\/index.php?rest_route=\/wp\/v2\/types\/post"}],"author":[{"embeddable":true,"href":"https:\/\/new.findnews5.com\/index.php?rest_route=\/wp\/v2\/users\/1"}],"replies":[{"embeddable":true,"href":"https:\/\/new.findnews5.com\/index.php?rest_route=%2Fwp%2Fv2%2Fcomments&post=30310"}],"version-history":[{"count":1,"href":"https:\/\/new.findnews5.com\/index.php?rest_route=\/wp\/v2\/posts\/30310\/revisions"}],"predecessor-version":[{"id":30312,"href":"https:\/\/new.findnews5.com\/index.php?rest_route=\/wp\/v2\/posts\/30310\/revisions\/30312"}],"wp:featuredmedia":[{"embeddable":true,"href":"https:\/\/new.findnews5.com\/index.php?rest_route=\/wp\/v2\/media\/30311"}],"wp:attachment":[{"href":"https:\/\/new.findnews5.com\/index.php?rest_route=%2Fwp%2Fv2%2Fmedia&parent=30310"}],"wp:term":[{"taxonomy":"category","embeddable":true,"href":"https:\/\/new.findnews5.com\/index.php?rest_route=%2Fwp%2Fv2%2Fcategories&post=30310"},{"taxonomy":"post_tag","embeddable":true,"href":"https:\/\/new.findnews5.com\/index.php?rest_route=%2Fwp%2Fv2%2Ftags&post=30310"}],"curies":[{"name":"wp","href":"https:\/\/api.w.org\/{rel}","templated":true}]}}