{"id":30286,"date":"2026-03-15T10:16:15","date_gmt":"2026-03-15T10:16:15","guid":{"rendered":"https:\/\/new.findnews5.com\/?p=30286"},"modified":"2026-03-15T10:16:16","modified_gmt":"2026-03-15T10:16:16","slug":"u-vra-ne-sallen-e-gjykates-familja-kerkon-shpalljen-deshmor-i-atdheut-per-gjyqtarin-astrit-kalaja","status":"publish","type":"post","link":"https:\/\/new.findnews5.com\/?p=30286","title":{"rendered":"U vra n\u00eb sall\u00ebn e gjykat\u00ebs, familja k\u00ebrkon shpalljen \u2018D\u00ebshmor i Atdheut\u2019 p\u00ebr gjyqtarin Astrit Kalaja"},"content":{"rendered":"<div class=\"78954ae5fa42b68c1393fe3da4998882\" data-index=\"1\" style=\"float: none; margin:0px 0 0px 0; text-align:center;\">\n<div data-type=\"_mgwidget\" data-widget-id=\"1576712\">\r\n<\/div>\r\n<script>(function(w,q){w[q]=w[q]||[];w[q].push([\"_mgc.load\"])})(window,\"_mgq\");\r\n<\/script>\r\n\n<\/div>\n<p>Familjar\u00ebt e gjyqtarit t\u00eb ndjer\u00eb Astrit Kalaja, i cili u vra n\u00eb sall\u00ebn e Gjykat\u00ebs s\u00eb Apelit, kan\u00eb k\u00ebrkuar q\u00eb ai t\u00eb shpallet \u201cD\u00ebshmor i Atdheut\u201d. Ata theksojn\u00eb se rendi dhe qet\u00ebsia n\u00eb vend nuk garantohen vet\u00ebm nga policia, por edhe nga sistemi i drejt\u00ebsis\u00eb dhe gjykat\u00ebsit q\u00eb ushtrojn\u00eb detyr\u00ebn n\u00eb kushte t\u00eb v\u00ebshtira dhe me rrezik t\u00eb lart\u00eb.<\/p>\n<p>Familja e gjyqtarit pritet t\u2019i drejtohet Komisionit Qendror t\u00eb Statusit t\u00eb D\u00ebshmorit p\u00ebr k\u00ebt\u00eb k\u00ebrkes\u00eb, duke l\u00ebn\u00eb t\u00eb hapur edhe mund\u00ebsin\u00eb e ndjekjes s\u00eb \u00e7\u00ebshtjes n\u00eb Gjykat\u00ebn Administrative n\u00ebse k\u00ebrkesa e tyre nuk pranohet.<\/p>\n<p>Gjyqtari Kalaja u q\u00ebllua p\u00ebr vdekje nga Elvis Shk\u00ebmbi, i cili dyshohet se e kreu krimin p\u00ebr shkak t\u00eb nj\u00eb procesi gjyq\u00ebsor disa-vje\u00e7ar q\u00eb lidhej me nj\u00eb t\u00eb af\u00ebrm t\u00eb tij n\u00eb Shkod\u00ebr. Aktualisht, dy t\u00eb dyshuar p\u00ebr ngjarjen ndodhen n\u00eb burg, nd\u00ebrsa hetimet nga Prokuroria e Tiran\u00ebs vijojn\u00eb.<\/p>\n<p>Organi i akuz\u00ebs \u00ebsht\u00eb n\u00eb pritje t\u00eb ekspertiz\u00ebs s\u00eb telefonit p\u00ebr t\u00eb p\u00ebrcaktuar n\u00ebse ka pasur bashk\u00ebpun\u00ebtor\u00eb t\u00eb tjer\u00eb n\u00eb kryerjen e krimit. Vrasja e gjyqtarit Kalaja riktheu n\u00eb v\u00ebmendje edhe \u00e7\u00ebshtjen e siguris\u00eb n\u00eb institucionet e drejt\u00ebsis\u00eb, pasi sipas burimeve edhe m\u00eb her\u00ebt jan\u00eb raportuar raste k\u00ebrc\u00ebnimesh ndaj trupave gjyq\u00ebsore gjat\u00eb shpalljes s\u00eb vendimeve n\u00eb t\u00eb nj\u00ebjt\u00ebn gjykat\u00eb.<\/p>\n\n<div style=\"font-size: 0px; height: 0px; line-height: 0px; margin: 0; padding: 0; clear: both;\"><\/div>","protected":false},"excerpt":{"rendered":"<p>Familjar\u00ebt e gjyqtarit t\u00eb ndjer\u00eb Astrit Kalaja, i cili u vra n\u00eb sall\u00ebn e Gjykat\u00ebs s\u00eb Apelit, kan\u00eb k\u00ebrkuar q\u00eb ai t\u00eb shpallet \u201cD\u00ebshmor i Atdheut\u201d. Ata&#8230; <\/p>\n","protected":false},"author":1,"featured_media":30287,"comment_status":"open","ping_status":"open","sticky":false,"template":"","format":"standard","meta":{"footnotes":""},"categories":[6],"tags":[],"class_list":["post-30286","post","type-post","status-publish","format-standard","has-post-thumbnail","hentry","category-lajme"],"_links":{"self":[{"href":"https:\/\/new.findnews5.com\/index.php?rest_route=\/wp\/v2\/posts\/30286","targetHints":{"allow":["GET"]}}],"collection":[{"href":"https:\/\/new.findnews5.com\/index.php?rest_route=\/wp\/v2\/posts"}],"about":[{"href":"https:\/\/new.findnews5.com\/index.php?rest_route=\/wp\/v2\/types\/post"}],"author":[{"embeddable":true,"href":"https:\/\/new.findnews5.com\/index.php?rest_route=\/wp\/v2\/users\/1"}],"replies":[{"embeddable":true,"href":"https:\/\/new.findnews5.com\/index.php?rest_route=%2Fwp%2Fv2%2Fcomments&post=30286"}],"version-history":[{"count":1,"href":"https:\/\/new.findnews5.com\/index.php?rest_route=\/wp\/v2\/posts\/30286\/revisions"}],"predecessor-version":[{"id":30288,"href":"https:\/\/new.findnews5.com\/index.php?rest_route=\/wp\/v2\/posts\/30286\/revisions\/30288"}],"wp:featuredmedia":[{"embeddable":true,"href":"https:\/\/new.findnews5.com\/index.php?rest_route=\/wp\/v2\/media\/30287"}],"wp:attachment":[{"href":"https:\/\/new.findnews5.com\/index.php?rest_route=%2Fwp%2Fv2%2Fmedia&parent=30286"}],"wp:term":[{"taxonomy":"category","embeddable":true,"href":"https:\/\/new.findnews5.com\/index.php?rest_route=%2Fwp%2Fv2%2Fcategories&post=30286"},{"taxonomy":"post_tag","embeddable":true,"href":"https:\/\/new.findnews5.com\/index.php?rest_route=%2Fwp%2Fv2%2Ftags&post=30286"}],"curies":[{"name":"wp","href":"https:\/\/api.w.org\/{rel}","templated":true}]}}