{"id":30280,"date":"2026-03-15T10:04:12","date_gmt":"2026-03-15T10:04:12","guid":{"rendered":"https:\/\/new.findnews5.com\/?p=30280"},"modified":"2026-03-15T10:04:12","modified_gmt":"2026-03-15T10:04:12","slug":"kadri-kryeziu-feja-islame-ne-kosove-ka-dale-nga-shtrati-por-do-ta-ndalim-2","status":"publish","type":"post","link":"https:\/\/new.findnews5.com\/?p=30280","title":{"rendered":"Kadri Kryeziu: Feja Islame n\u00eb Kosov\u00eb ka dal\u00eb nga shtrati, por do ta ndalim"},"content":{"rendered":"<div class=\"78954ae5fa42b68c1393fe3da4998882\" data-index=\"1\" style=\"float: none; margin:0px 0 0px 0; text-align:center;\">\n<div data-type=\"_mgwidget\" data-widget-id=\"1576712\">\r\n<\/div>\r\n<script>(function(w,q){w[q]=w[q]||[];w[q].push([\"_mgc.load\"])})(window,\"_mgq\");\r\n<\/script>\r\n\n<\/div>\n<p>Ish-n\u00ebnkryetari i Gjykat\u00ebs Kushtetuese t\u00eb Kosov\u00ebs, Kadri Kryeziu, ka nxitur reagime me nj\u00eb deklarat\u00eb t\u00eb tij p\u00ebr fen\u00eb islame n\u00eb Kosov\u00eb.<\/p>\n<p>N\u00eb nj\u00eb paraqitje publike, Kryeziu u shpreh se sipas tij \u201cFeja Islame n\u00eb Kosov\u00eb ka dal\u00eb nga shtrati, ka v\u00ebrshu nga shtrati\u201d, duke p\u00ebrdorur k\u00ebt\u00eb p\u00ebrshkrim p\u00ebr t\u00eb komentuar zhvillimet q\u00eb ai i sheh n\u00eb k\u00ebt\u00eb drejtim.<\/p>\n<p>Ai shtoi se, sipas mendimit t\u00eb tij, ka ardhur koha q\u00eb dikush ta ndal\u00eb k\u00ebt\u00eb \u201cv\u00ebrshim\u201d, duke theksuar se ka persona dhe grupe q\u00eb jan\u00eb t\u00eb interesuar t\u00eb merren me k\u00ebt\u00eb \u00e7\u00ebshtje.<\/p>\n<p>\u201cFeja Islame n\u00eb Kosov\u00eb ka dal nga shtrati, ka v\u00ebrshu nga shtrati. Kush duhet me ndal? Na more, edhe kemi me ndal\u00eb. Ka shum\u00eb t\u00eb interesuar n\u00eb k\u00ebt\u00eb pun\u00eb. Ani pse \u00ebsht\u00eb vet\u00ebm nj\u00eb shoqat\u00eb, k\u00ebta jan\u00eb nismetar\u00eb, un\u00eb e respektoj shum\u00eb si ide\u201d, d\u00ebgjohet duke th\u00ebn\u00eb ai.<\/p>\n<p><iframe loading=\"lazy\" width=\"560\" height=\"315\" src=\"https:\/\/www.youtube.com\/embed\/ZvqKmvHxsNc?si=S_Tw87-oPMTc8n2J\" title=\"YouTube video player\" frameborder=\"0\" allow=\"accelerometer; autoplay; clipboard-write; encrypted-media; gyroscope; picture-in-picture; web-share\" referrerpolicy=\"strict-origin-when-cross-origin\" allowfullscreen><\/iframe><\/p>\n\n<div style=\"font-size: 0px; height: 0px; line-height: 0px; margin: 0; padding: 0; clear: both;\"><\/div>","protected":false},"excerpt":{"rendered":"<p>Ish-n\u00ebnkryetari i Gjykat\u00ebs Kushtetuese t\u00eb Kosov\u00ebs, Kadri Kryeziu, ka nxitur reagime me nj\u00eb deklarat\u00eb t\u00eb tij p\u00ebr fen\u00eb islame n\u00eb Kosov\u00eb. N\u00eb nj\u00eb paraqitje publike, Kryeziu u&#8230; <\/p>\n","protected":false},"author":1,"featured_media":30281,"comment_status":"open","ping_status":"open","sticky":false,"template":"","format":"standard","meta":{"footnotes":""},"categories":[6],"tags":[],"class_list":["post-30280","post","type-post","status-publish","format-standard","has-post-thumbnail","hentry","category-lajme"],"_links":{"self":[{"href":"https:\/\/new.findnews5.com\/index.php?rest_route=\/wp\/v2\/posts\/30280","targetHints":{"allow":["GET"]}}],"collection":[{"href":"https:\/\/new.findnews5.com\/index.php?rest_route=\/wp\/v2\/posts"}],"about":[{"href":"https:\/\/new.findnews5.com\/index.php?rest_route=\/wp\/v2\/types\/post"}],"author":[{"embeddable":true,"href":"https:\/\/new.findnews5.com\/index.php?rest_route=\/wp\/v2\/users\/1"}],"replies":[{"embeddable":true,"href":"https:\/\/new.findnews5.com\/index.php?rest_route=%2Fwp%2Fv2%2Fcomments&post=30280"}],"version-history":[{"count":1,"href":"https:\/\/new.findnews5.com\/index.php?rest_route=\/wp\/v2\/posts\/30280\/revisions"}],"predecessor-version":[{"id":30282,"href":"https:\/\/new.findnews5.com\/index.php?rest_route=\/wp\/v2\/posts\/30280\/revisions\/30282"}],"wp:featuredmedia":[{"embeddable":true,"href":"https:\/\/new.findnews5.com\/index.php?rest_route=\/wp\/v2\/media\/30281"}],"wp:attachment":[{"href":"https:\/\/new.findnews5.com\/index.php?rest_route=%2Fwp%2Fv2%2Fmedia&parent=30280"}],"wp:term":[{"taxonomy":"category","embeddable":true,"href":"https:\/\/new.findnews5.com\/index.php?rest_route=%2Fwp%2Fv2%2Fcategories&post=30280"},{"taxonomy":"post_tag","embeddable":true,"href":"https:\/\/new.findnews5.com\/index.php?rest_route=%2Fwp%2Fv2%2Ftags&post=30280"}],"curies":[{"name":"wp","href":"https:\/\/api.w.org\/{rel}","templated":true}]}}