{"id":30274,"date":"2026-03-14T18:07:32","date_gmt":"2026-03-14T18:07:32","guid":{"rendered":"https:\/\/new.findnews5.com\/?p=30274"},"modified":"2026-03-14T18:07:34","modified_gmt":"2026-03-14T18:07:34","slug":"trump-shkarkon-richard-grenellin-nga-kennedy-center","status":"publish","type":"post","link":"https:\/\/new.findnews5.com\/?p=30274","title":{"rendered":"Trump shkarkon Richard Grenellin nga Kennedy Center"},"content":{"rendered":"<div class=\"78954ae5fa42b68c1393fe3da4998882\" data-index=\"1\" style=\"float: none; margin:0px 0 0px 0; text-align:center;\">\n<div data-type=\"_mgwidget\" data-widget-id=\"1576712\">\r\n<\/div>\r\n<script>(function(w,q){w[q]=w[q]||[];w[q].push([\"_mgc.load\"])})(window,\"_mgq\");\r\n<\/script>\r\n\n<\/div>\n<p>Presidenti Donald Trump njoftoi t\u00eb premten se Richard Grenell, i em\u00ebruar nga ai vitin e kaluar si president i John F. Kennedy Center for the Performing Arts, do t\u00eb largohet nga detyra. Vendimi vjen pas nj\u00eb periudhe t\u00eb trazuar q\u00eb p\u00ebrfshiu largime stafi, anulime shfaqjesh dhe kritika nga komuniteti i artist\u00ebve.<\/p>\n<p>Trump b\u00ebri t\u00eb ditur se Matt Floca, n\u00ebnkryetar i operacioneve t\u00eb qendr\u00ebs, do t\u00eb marr\u00eb rolin e drejtorit ekzekutiv dhe drejtorit operativ, me miratimin e bordit t\u00eb institucionit. Ai gjithashtu fal\u00ebnderoi Grenell p\u00ebr sh\u00ebrbimin e tij dhe siguroi se qendra do t\u00eb vazhdoj\u00eb pun\u00ebn artistike gjat\u00eb tranzicionit.<\/p>\n<p>Grenell, ish-ambasador n\u00eb Gjermani dhe drejtor i p\u00ebrkohsh\u00ebm i Inteligjenc\u00ebs Komb\u00ebtare, ishte zgjedhur p\u00ebr t\u00eb udh\u00ebhequr Kennedy Center si pjes\u00eb e nj\u00eb ristrukturimi t\u00eb udh\u00ebheqjes nga Trump, i cili em\u00ebroi veten kryetar t\u00eb bordit dhe ndryshoi p\u00ebrb\u00ebrjen e tij me aleat\u00eb politik\u00eb. Qendra ka p\u00ebrjetuar tensione q\u00eb nga marrja n\u00ebn kontroll nga Trump, duke p\u00ebrfshir\u00eb kritika p\u00ebr politizim, r\u00ebnie t\u00eb shitjes s\u00eb biletave dhe anulime shfaqjesh, si dhe kund\u00ebrshtime nga bordet e demokrat\u00ebve p\u00ebr shtimin e emrit t\u00eb Trump n\u00eb nd\u00ebrtes\u00eb.<\/p>\n<p>Kennedy Center, institucioni m\u00eb i madh komb\u00ebtar p\u00ebr artet skenike n\u00eb Washington, D.C., \u00ebsht\u00eb i dedikuar kujtimit t\u00eb ish-presidentit John F. Kennedy dhe sh\u00ebrben si qendra kryesore p\u00ebr teat\u00ebr, muzik\u00eb dhe ngjarje kulturore n\u00eb SHBA. Pas largimit nga posti i presidentit t\u00eb qendr\u00ebs, Richard Grenell mbetet n\u00eb administrat\u00ebn e Trump si i d\u00ebrguar special presidencial p\u00ebr misione t\u00eb ve\u00e7anta.<\/p>\n\n<div style=\"font-size: 0px; height: 0px; line-height: 0px; margin: 0; padding: 0; clear: both;\"><\/div>","protected":false},"excerpt":{"rendered":"<p>Presidenti Donald Trump njoftoi t\u00eb premten se Richard Grenell, i em\u00ebruar nga ai vitin e kaluar si president i John F. Kennedy Center for the Performing Arts,&#8230; <\/p>\n","protected":false},"author":1,"featured_media":30275,"comment_status":"open","ping_status":"open","sticky":false,"template":"","format":"standard","meta":{"footnotes":""},"categories":[6],"tags":[],"class_list":["post-30274","post","type-post","status-publish","format-standard","has-post-thumbnail","hentry","category-lajme"],"_links":{"self":[{"href":"https:\/\/new.findnews5.com\/index.php?rest_route=\/wp\/v2\/posts\/30274","targetHints":{"allow":["GET"]}}],"collection":[{"href":"https:\/\/new.findnews5.com\/index.php?rest_route=\/wp\/v2\/posts"}],"about":[{"href":"https:\/\/new.findnews5.com\/index.php?rest_route=\/wp\/v2\/types\/post"}],"author":[{"embeddable":true,"href":"https:\/\/new.findnews5.com\/index.php?rest_route=\/wp\/v2\/users\/1"}],"replies":[{"embeddable":true,"href":"https:\/\/new.findnews5.com\/index.php?rest_route=%2Fwp%2Fv2%2Fcomments&post=30274"}],"version-history":[{"count":1,"href":"https:\/\/new.findnews5.com\/index.php?rest_route=\/wp\/v2\/posts\/30274\/revisions"}],"predecessor-version":[{"id":30276,"href":"https:\/\/new.findnews5.com\/index.php?rest_route=\/wp\/v2\/posts\/30274\/revisions\/30276"}],"wp:featuredmedia":[{"embeddable":true,"href":"https:\/\/new.findnews5.com\/index.php?rest_route=\/wp\/v2\/media\/30275"}],"wp:attachment":[{"href":"https:\/\/new.findnews5.com\/index.php?rest_route=%2Fwp%2Fv2%2Fmedia&parent=30274"}],"wp:term":[{"taxonomy":"category","embeddable":true,"href":"https:\/\/new.findnews5.com\/index.php?rest_route=%2Fwp%2Fv2%2Fcategories&post=30274"},{"taxonomy":"post_tag","embeddable":true,"href":"https:\/\/new.findnews5.com\/index.php?rest_route=%2Fwp%2Fv2%2Ftags&post=30274"}],"curies":[{"name":"wp","href":"https:\/\/api.w.org\/{rel}","templated":true}]}}