{"id":30271,"date":"2026-03-14T18:05:50","date_gmt":"2026-03-14T18:05:50","guid":{"rendered":"https:\/\/new.findnews5.com\/?p=30271"},"modified":"2026-03-14T18:05:50","modified_gmt":"2026-03-14T18:05:50","slug":"rama-javen-tjeter-do-ta-shpallim-iranin-shtet-sponsor-te-terrorizmit","status":"publish","type":"post","link":"https:\/\/new.findnews5.com\/?p=30271","title":{"rendered":"Rama: Jav\u00ebn tjet\u00ebr do ta shpallim Iranin shtet sponsor t\u00eb terrorizmit!"},"content":{"rendered":"<div class=\"78954ae5fa42b68c1393fe3da4998882\" data-index=\"1\" style=\"float: none; margin:0px 0 0px 0; text-align:center;\">\n<div data-type=\"_mgwidget\" data-widget-id=\"1576712\">\r\n<\/div>\r\n<script>(function(w,q){w[q]=w[q]||[];w[q].push([\"_mgc.load\"])})(window,\"_mgq\");\r\n<\/script>\r\n\n<\/div>\n<p>Parlamenti i Shqip\u00ebris\u00eb pritet t\u00eb votoj\u00eb jav\u00ebn e ardhshme nj\u00eb rezolut\u00eb p\u00ebr t\u00eb shpallur Iranin si vend sponsor t\u00eb terrorizmit. K\u00ebt\u00eb e b\u00ebri t\u00eb ditur kryeministri Edi Rama gjat\u00eb nj\u00eb konference p\u00ebr shtyp, duke theksuar r\u00ebnd\u00ebsin\u00eb e k\u00ebsaj mas\u00ebje p\u00ebr sigurin\u00eb nd\u00ebrkomb\u00ebtare.<\/p>\n<p>Sipas Ram\u00ebs, p\u00ebrve\u00e7 Iranit, do t\u00eb shpallen organizata terroriste edhe Garda e Iranit dhe Hezbollahu. Ai shpjegoi se kjo l\u00ebvizje \u00ebsht\u00eb n\u00eb vijim t\u00eb praktikave t\u00eb vendeve t\u00eb tjera q\u00eb kan\u00eb marr\u00eb masa t\u00eb ngjashme m\u00eb par\u00eb.<\/p>\n<p>Kryeministri n\u00ebnvizoi se vendimi lidhet me situat\u00ebn aktuale globale, duke p\u00ebrmendur se kriza po ndikohet nga rritja e \u00e7mimit t\u00eb naft\u00ebs. Ai theksoi se Shqip\u00ebria do t\u00eb veproj\u00eb n\u00eb p\u00ebrputhje me partner\u00ebt nd\u00ebrkomb\u00ebtar\u00eb p\u00ebr t\u00eb adresuar k\u00ebto sfida.<\/p>\n<p>Ky veprim refleton nj\u00eb angazhim p\u00ebr t\u00eb mb\u00ebshtetur sigurin\u00eb dhe p\u00ebr t\u00eb kontribuar n\u00eb luft\u00ebn kund\u00ebr terrorizmit nd\u00ebrkomb\u00ebtar, duke i dh\u00ebn\u00eb nj\u00eb mesazh t\u00eb qart\u00eb p\u00ebr q\u00ebndrimin e Shqip\u00ebris\u00eb n\u00eb k\u00ebt\u00eb \u00e7\u00ebshtje.<\/p>\n\n<div style=\"font-size: 0px; height: 0px; line-height: 0px; margin: 0; padding: 0; clear: both;\"><\/div>","protected":false},"excerpt":{"rendered":"<p>Parlamenti i Shqip\u00ebris\u00eb pritet t\u00eb votoj\u00eb jav\u00ebn e ardhshme nj\u00eb rezolut\u00eb p\u00ebr t\u00eb shpallur Iranin si vend sponsor t\u00eb terrorizmit. K\u00ebt\u00eb e b\u00ebri t\u00eb ditur kryeministri Edi&#8230; <\/p>\n","protected":false},"author":1,"featured_media":30272,"comment_status":"open","ping_status":"open","sticky":false,"template":"","format":"standard","meta":{"footnotes":""},"categories":[6],"tags":[],"class_list":["post-30271","post","type-post","status-publish","format-standard","has-post-thumbnail","hentry","category-lajme"],"_links":{"self":[{"href":"https:\/\/new.findnews5.com\/index.php?rest_route=\/wp\/v2\/posts\/30271","targetHints":{"allow":["GET"]}}],"collection":[{"href":"https:\/\/new.findnews5.com\/index.php?rest_route=\/wp\/v2\/posts"}],"about":[{"href":"https:\/\/new.findnews5.com\/index.php?rest_route=\/wp\/v2\/types\/post"}],"author":[{"embeddable":true,"href":"https:\/\/new.findnews5.com\/index.php?rest_route=\/wp\/v2\/users\/1"}],"replies":[{"embeddable":true,"href":"https:\/\/new.findnews5.com\/index.php?rest_route=%2Fwp%2Fv2%2Fcomments&post=30271"}],"version-history":[{"count":1,"href":"https:\/\/new.findnews5.com\/index.php?rest_route=\/wp\/v2\/posts\/30271\/revisions"}],"predecessor-version":[{"id":30273,"href":"https:\/\/new.findnews5.com\/index.php?rest_route=\/wp\/v2\/posts\/30271\/revisions\/30273"}],"wp:featuredmedia":[{"embeddable":true,"href":"https:\/\/new.findnews5.com\/index.php?rest_route=\/wp\/v2\/media\/30272"}],"wp:attachment":[{"href":"https:\/\/new.findnews5.com\/index.php?rest_route=%2Fwp%2Fv2%2Fmedia&parent=30271"}],"wp:term":[{"taxonomy":"category","embeddable":true,"href":"https:\/\/new.findnews5.com\/index.php?rest_route=%2Fwp%2Fv2%2Fcategories&post=30271"},{"taxonomy":"post_tag","embeddable":true,"href":"https:\/\/new.findnews5.com\/index.php?rest_route=%2Fwp%2Fv2%2Ftags&post=30271"}],"curies":[{"name":"wp","href":"https:\/\/api.w.org\/{rel}","templated":true}]}}