{"id":30267,"date":"2026-03-14T18:03:52","date_gmt":"2026-03-14T18:03:52","guid":{"rendered":"https:\/\/new.findnews5.com\/?p=30267"},"modified":"2026-03-14T18:03:53","modified_gmt":"2026-03-14T18:03:53","slug":"haga-mbylle-rastin-ndaj-thacit","status":"publish","type":"post","link":"https:\/\/new.findnews5.com\/?p=30267","title":{"rendered":"Haga mbyll\u00eb rastin ndaj Tha\u00e7it"},"content":{"rendered":"<div class=\"78954ae5fa42b68c1393fe3da4998882\" data-index=\"1\" style=\"float: none; margin:0px 0 0px 0; text-align:center;\">\n<div data-type=\"_mgwidget\" data-widget-id=\"1576712\">\r\n<\/div>\r\n<script>(function(w,q){w[q]=w[q]||[];w[q].push([\"_mgc.load\"])})(window,\"_mgq\");\r\n<\/script>\r\n\n<\/div>\n<p>Dhomat e Specializuara kan\u00eb njoftuar ndryshime n\u00eb afatet e vendosura p\u00ebr rastin e dyt\u00eb kund\u00ebr Hashim Tha\u00e7it dhe t\u00eb tjer\u00ebve, lidhur me akuzat p\u00ebr nd\u00ebrhyrje n\u00eb administrimin e drejt\u00ebsis\u00eb. Sipas njoftimit t\u00eb Speciales, afati p\u00ebr mocionet e mbrojtjes p\u00ebr rr\u00ebzim t\u00eb akuzave \u00ebsht\u00eb caktuar deri m\u00eb 23 mars, nd\u00ebrsa Zyra e Prokurorit t\u00eb Specializuar (ZPS) ka vet\u00ebm dy dit\u00eb p\u00ebr t\u2019u p\u00ebrgjigjur atyre.<\/p>\n<p>Gjithashtu, gjyqtari ka nj\u00eb periudh\u00eb prej dy dit\u00ebsh p\u00ebr t\u00eb marr\u00eb vendim mbi mocionet e paraqitura nga mbrojtja. Kjo p\u00ebrcakton nj\u00eb kalendar shum\u00eb t\u00eb shkurt\u00ebr p\u00ebr shqyrtimin dhe vendimmarrjen lidhur me k\u00ebrkesat e mbrojtjes. Afatet e ngushta reflektojn\u00eb nj\u00eb rit\u00ebm t\u00eb shpejt\u00eb procedurial, duke u fokusuar n\u00eb avancimin e procesit gjyq\u00ebsor pa vonesa t\u00eb panevojshme.<\/p>\n<p>Deklaratat e hap\u00ebse t\u00eb mbrojtjes jan\u00eb caktuar t\u00eb nisin m\u00eb 7 prill 2026, nd\u00ebrsa d\u00ebgjimi i d\u00ebshmitar\u00ebve t\u00eb mbrojtjes do t\u00eb zgjas\u00eb deri m\u00eb 24 prill. Kjo periudh\u00eb do t\u00eb mund\u00ebsoj\u00eb shqyrtimin e provave dhe d\u00ebshmive q\u00eb mbrojtja do t\u00eb prezantoj\u00eb, duke i dh\u00ebn\u00eb mund\u00ebsi p\u00ebr t\u00eb argumentuar rastin e tyre para gjykat\u00ebs.<\/p>\n<p>M\u00eb 13 mars 2026, ZPS-ja ka paraqitur nj\u00eb njoftim p\u00ebr mbylljen e \u00e7\u00ebshtjes s\u00eb saj. Kjo tregon p\u00ebrfundimin e pjes\u00ebs s\u00eb prokuroris\u00eb dhe kalimin e fokusit tek mbrojtja, e cila tani p\u00ebrballet me afatet e ngushta p\u00ebr mocionet dhe d\u00ebshmit\u00eb e saj.<\/p>\n\n<div style=\"font-size: 0px; height: 0px; line-height: 0px; margin: 0; padding: 0; clear: both;\"><\/div>","protected":false},"excerpt":{"rendered":"<p>Dhomat e Specializuara kan\u00eb njoftuar ndryshime n\u00eb afatet e vendosura p\u00ebr rastin e dyt\u00eb kund\u00ebr Hashim Tha\u00e7it dhe t\u00eb tjer\u00ebve, lidhur me akuzat p\u00ebr nd\u00ebrhyrje n\u00eb administrimin&#8230; <\/p>\n","protected":false},"author":1,"featured_media":30268,"comment_status":"open","ping_status":"open","sticky":false,"template":"","format":"standard","meta":{"footnotes":""},"categories":[6],"tags":[],"class_list":["post-30267","post","type-post","status-publish","format-standard","has-post-thumbnail","hentry","category-lajme"],"_links":{"self":[{"href":"https:\/\/new.findnews5.com\/index.php?rest_route=\/wp\/v2\/posts\/30267","targetHints":{"allow":["GET"]}}],"collection":[{"href":"https:\/\/new.findnews5.com\/index.php?rest_route=\/wp\/v2\/posts"}],"about":[{"href":"https:\/\/new.findnews5.com\/index.php?rest_route=\/wp\/v2\/types\/post"}],"author":[{"embeddable":true,"href":"https:\/\/new.findnews5.com\/index.php?rest_route=\/wp\/v2\/users\/1"}],"replies":[{"embeddable":true,"href":"https:\/\/new.findnews5.com\/index.php?rest_route=%2Fwp%2Fv2%2Fcomments&post=30267"}],"version-history":[{"count":1,"href":"https:\/\/new.findnews5.com\/index.php?rest_route=\/wp\/v2\/posts\/30267\/revisions"}],"predecessor-version":[{"id":30269,"href":"https:\/\/new.findnews5.com\/index.php?rest_route=\/wp\/v2\/posts\/30267\/revisions\/30269"}],"wp:featuredmedia":[{"embeddable":true,"href":"https:\/\/new.findnews5.com\/index.php?rest_route=\/wp\/v2\/media\/30268"}],"wp:attachment":[{"href":"https:\/\/new.findnews5.com\/index.php?rest_route=%2Fwp%2Fv2%2Fmedia&parent=30267"}],"wp:term":[{"taxonomy":"category","embeddable":true,"href":"https:\/\/new.findnews5.com\/index.php?rest_route=%2Fwp%2Fv2%2Fcategories&post=30267"},{"taxonomy":"post_tag","embeddable":true,"href":"https:\/\/new.findnews5.com\/index.php?rest_route=%2Fwp%2Fv2%2Ftags&post=30267"}],"curies":[{"name":"wp","href":"https:\/\/api.w.org\/{rel}","templated":true}]}}