{"id":30263,"date":"2026-03-11T10:39:54","date_gmt":"2026-03-11T10:39:54","guid":{"rendered":"https:\/\/new.findnews5.com\/?p=30263"},"modified":"2026-03-11T10:39:55","modified_gmt":"2026-03-11T10:39:55","slug":"haradinaj-me-mesazh-te-ashper-per-marko-gjuriqin-nese-don-me-jetu-mos-ia-mesy-kosoves","status":"publish","type":"post","link":"https:\/\/new.findnews5.com\/?p=30263","title":{"rendered":"Haradinaj me mesazh t\u00eb ashp\u00ebr p\u00ebr Marko Gjuriqin: \u201cN\u00ebse don me jetu, mos ia m\u00ebsy Kosov\u00ebs\u201d"},"content":{"rendered":"<div class=\"78954ae5fa42b68c1393fe3da4998882\" data-index=\"1\" style=\"float: none; margin:0px 0 0px 0; text-align:center;\">\n<div data-type=\"_mgwidget\" data-widget-id=\"1576712\">\r\n<\/div>\r\n<script>(function(w,q){w[q]=w[q]||[];w[q].push([\"_mgc.load\"])})(window,\"_mgq\");\r\n<\/script>\r\n\n<\/div>\n<p>Nj\u00eb imazh q\u00eb po qarkullon n\u00eb rrjetet sociale ka nxitur reagime dhe diskutime, pasi n\u00eb t\u00eb paraqitet nj\u00eb mesazh i atribuar kryetarit t\u00eb Aleanc\u00ebs p\u00ebr Ardhm\u00ebrin\u00eb e Kosov\u00ebs, Ramush Haradinaj, drejtuar zyrtarit serb Marko \u0110uri\u0107. Postimi p\u00ebrmban nj\u00eb titull t\u00eb fort\u00eb q\u00eb lidhet me zhvillimet dhe tensionet politike rreth Kosov\u00ebs.<\/p>\n<p>N\u00eb imazh shfaqen fotografit\u00eb e Haradinajt dhe \u0110uri\u0107it, nd\u00ebrsa mbi to \u00ebsht\u00eb vendosur mbishkrimi: \u201cHaradinaj i \u00e7on selam Gjuriqit: N\u00ebse don me jetu, mos ia m\u00ebsy Kosov\u00ebs\u201d. Mesazhi \u00ebsht\u00eb shp\u00ebrndar\u00eb gjer\u00ebsisht n\u00eb platforma t\u00eb ndryshme sociale, duke t\u00ebrhequr v\u00ebmendjen e p\u00ebrdoruesve dhe duke nxitur reagime t\u00eb shumta.<\/p>\n<p>P\u00ebrdorues t\u00eb ndrysh\u00ebm kan\u00eb komentuar p\u00ebrmbajtjen e k\u00ebtij postimi, ku disa e kan\u00eb interpretuar si nj\u00eb deklarat\u00eb politike t\u00eb ashp\u00ebr n\u00eb kontekstin e marr\u00ebdh\u00ebnieve Kosov\u00eb\u2013Serbi, nd\u00ebrsa t\u00eb tjer\u00eb kan\u00eb shprehur dyshime p\u00ebr burimin dhe kontekstin e sakt\u00eb t\u00eb deklarat\u00ebs.<\/p>\n<p>Diskutimet online kan\u00eb vazhduar rreth rolit dhe q\u00ebndrimeve t\u00eb figurave politike nga Kosova dhe Serbia, duke reflektuar ndjeshm\u00ebrin\u00eb e vazhdueshme t\u00eb \u00e7\u00ebshtjeve q\u00eb lidhen me raportet mes dy vendeve dhe debatet q\u00eb shpesh zhvillohen edhe n\u00eb hap\u00ebsir\u00ebn digjitale.<\/p>\n\n<div style=\"font-size: 0px; height: 0px; line-height: 0px; margin: 0; padding: 0; clear: both;\"><\/div>","protected":false},"excerpt":{"rendered":"<p>Nj\u00eb imazh q\u00eb po qarkullon n\u00eb rrjetet sociale ka nxitur reagime dhe diskutime, pasi n\u00eb t\u00eb paraqitet nj\u00eb mesazh i atribuar kryetarit t\u00eb Aleanc\u00ebs p\u00ebr Ardhm\u00ebrin\u00eb e&#8230; <\/p>\n","protected":false},"author":1,"featured_media":30264,"comment_status":"open","ping_status":"open","sticky":false,"template":"","format":"standard","meta":{"footnotes":""},"categories":[6],"tags":[],"class_list":["post-30263","post","type-post","status-publish","format-standard","has-post-thumbnail","hentry","category-lajme"],"_links":{"self":[{"href":"https:\/\/new.findnews5.com\/index.php?rest_route=\/wp\/v2\/posts\/30263","targetHints":{"allow":["GET"]}}],"collection":[{"href":"https:\/\/new.findnews5.com\/index.php?rest_route=\/wp\/v2\/posts"}],"about":[{"href":"https:\/\/new.findnews5.com\/index.php?rest_route=\/wp\/v2\/types\/post"}],"author":[{"embeddable":true,"href":"https:\/\/new.findnews5.com\/index.php?rest_route=\/wp\/v2\/users\/1"}],"replies":[{"embeddable":true,"href":"https:\/\/new.findnews5.com\/index.php?rest_route=%2Fwp%2Fv2%2Fcomments&post=30263"}],"version-history":[{"count":1,"href":"https:\/\/new.findnews5.com\/index.php?rest_route=\/wp\/v2\/posts\/30263\/revisions"}],"predecessor-version":[{"id":30265,"href":"https:\/\/new.findnews5.com\/index.php?rest_route=\/wp\/v2\/posts\/30263\/revisions\/30265"}],"wp:featuredmedia":[{"embeddable":true,"href":"https:\/\/new.findnews5.com\/index.php?rest_route=\/wp\/v2\/media\/30264"}],"wp:attachment":[{"href":"https:\/\/new.findnews5.com\/index.php?rest_route=%2Fwp%2Fv2%2Fmedia&parent=30263"}],"wp:term":[{"taxonomy":"category","embeddable":true,"href":"https:\/\/new.findnews5.com\/index.php?rest_route=%2Fwp%2Fv2%2Fcategories&post=30263"},{"taxonomy":"post_tag","embeddable":true,"href":"https:\/\/new.findnews5.com\/index.php?rest_route=%2Fwp%2Fv2%2Ftags&post=30263"}],"curies":[{"name":"wp","href":"https:\/\/api.w.org\/{rel}","templated":true}]}}