{"id":30260,"date":"2026-03-11T10:34:39","date_gmt":"2026-03-11T10:34:39","guid":{"rendered":"https:\/\/new.findnews5.com\/?p=30260"},"modified":"2026-03-11T10:34:40","modified_gmt":"2026-03-11T10:34:40","slug":"qytetari-pavaresine-e-solli-albin-kurti","status":"publish","type":"post","link":"https:\/\/new.findnews5.com\/?p=30260","title":{"rendered":"Qytetari: Pavar\u00ebsin\u00eb e solli Albin Kurti"},"content":{"rendered":"<div class=\"78954ae5fa42b68c1393fe3da4998882\" data-index=\"1\" style=\"float: none; margin:0px 0 0px 0; text-align:center;\">\n<div data-type=\"_mgwidget\" data-widget-id=\"1576712\">\r\n<\/div>\r\n<script>(function(w,q){w[q]=w[q]||[];w[q].push([\"_mgc.load\"])})(window,\"_mgq\");\r\n<\/script>\r\n\n<\/div>\n<p>Nj\u00eb qytetar ka nxitur reagime n\u00eb rrjetet sociale pas nj\u00eb deklarate t\u00eb tij lidhur me \u00e7\u00ebshtjen e pavar\u00ebsis\u00eb s\u00eb Kosov\u00ebs. N\u00eb prononcimin e tij, ai ka dh\u00ebn\u00eb nj\u00eb k\u00ebndv\u00ebshtrim personal p\u00ebr rolin e figurave dhe faktor\u00ebve q\u00eb, sipas tij, kan\u00eb ndikuar n\u00eb arritjen e pavar\u00ebsis\u00eb s\u00eb vendit.<\/p>\n<p>Sipas qytetarit, pavar\u00ebsia e Kosov\u00ebs nuk \u00ebsht\u00eb arritur drejtp\u00ebrdrejt si rezultat i luft\u00ebs s\u00eb Ushtris\u00eb \u00c7lirimtare t\u00eb Kosov\u00ebs (U\u00c7K), por m\u00eb shum\u00eb p\u00ebrmes proceseve politike dhe mb\u00ebshtetjes s\u00eb faktorit nd\u00ebrkomb\u00ebtar.<\/p>\n<p>Ai \u00ebsht\u00eb shprehur se roli kryesor n\u00eb k\u00ebt\u00eb proces, sipas tij, i takon disa figurave t\u00eb caktuara politike dhe nd\u00ebrkomb\u00ebtare, t\u00eb cilat ai i rendit si kontribuuesit m\u00eb t\u00eb r\u00ebnd\u00ebsish\u00ebm n\u00eb arritjen e pavar\u00ebsis\u00eb.<\/p>\n<p>\u201cU\u00c7K-ja nuk e solli pavar\u00ebsin\u00eb me t\u00ebrrnakopa e me llovaqka. Pavar\u00ebsin\u00eb e solli Albin Kurti nj\u00eb, Ibrahim Rugova dy dhe Bill Clinton tre\u201d, ka deklaruar ai n\u00eb prononcimin e tij.<\/p>\n<p>Kjo deklarat\u00eb \u00ebsht\u00eb shp\u00ebrndar\u00eb gjer\u00ebsisht n\u00eb rrjetet sociale dhe ka nxitur komente e reagime t\u00eb ndryshme nga qytetar\u00ebt, t\u00eb cil\u00ebt kan\u00eb diskutuar mbi rolin e faktor\u00ebve vendor\u00eb dhe nd\u00ebrkomb\u00ebtar\u00eb n\u00eb procesin q\u00eb \u00e7oi drejt shpalljes s\u00eb pavar\u00ebsis\u00eb s\u00eb Kosov\u00ebs m\u00eb 17 shkurt 2008.<\/p>\n\n<div style=\"font-size: 0px; height: 0px; line-height: 0px; margin: 0; padding: 0; clear: both;\"><\/div>","protected":false},"excerpt":{"rendered":"<p>Nj\u00eb qytetar ka nxitur reagime n\u00eb rrjetet sociale pas nj\u00eb deklarate t\u00eb tij lidhur me \u00e7\u00ebshtjen e pavar\u00ebsis\u00eb s\u00eb Kosov\u00ebs. N\u00eb prononcimin e tij, ai ka dh\u00ebn\u00eb&#8230; <\/p>\n","protected":false},"author":1,"featured_media":30261,"comment_status":"open","ping_status":"open","sticky":false,"template":"","format":"standard","meta":{"footnotes":""},"categories":[6],"tags":[],"class_list":["post-30260","post","type-post","status-publish","format-standard","has-post-thumbnail","hentry","category-lajme"],"_links":{"self":[{"href":"https:\/\/new.findnews5.com\/index.php?rest_route=\/wp\/v2\/posts\/30260","targetHints":{"allow":["GET"]}}],"collection":[{"href":"https:\/\/new.findnews5.com\/index.php?rest_route=\/wp\/v2\/posts"}],"about":[{"href":"https:\/\/new.findnews5.com\/index.php?rest_route=\/wp\/v2\/types\/post"}],"author":[{"embeddable":true,"href":"https:\/\/new.findnews5.com\/index.php?rest_route=\/wp\/v2\/users\/1"}],"replies":[{"embeddable":true,"href":"https:\/\/new.findnews5.com\/index.php?rest_route=%2Fwp%2Fv2%2Fcomments&post=30260"}],"version-history":[{"count":1,"href":"https:\/\/new.findnews5.com\/index.php?rest_route=\/wp\/v2\/posts\/30260\/revisions"}],"predecessor-version":[{"id":30262,"href":"https:\/\/new.findnews5.com\/index.php?rest_route=\/wp\/v2\/posts\/30260\/revisions\/30262"}],"wp:featuredmedia":[{"embeddable":true,"href":"https:\/\/new.findnews5.com\/index.php?rest_route=\/wp\/v2\/media\/30261"}],"wp:attachment":[{"href":"https:\/\/new.findnews5.com\/index.php?rest_route=%2Fwp%2Fv2%2Fmedia&parent=30260"}],"wp:term":[{"taxonomy":"category","embeddable":true,"href":"https:\/\/new.findnews5.com\/index.php?rest_route=%2Fwp%2Fv2%2Fcategories&post=30260"},{"taxonomy":"post_tag","embeddable":true,"href":"https:\/\/new.findnews5.com\/index.php?rest_route=%2Fwp%2Fv2%2Ftags&post=30260"}],"curies":[{"name":"wp","href":"https:\/\/api.w.org\/{rel}","templated":true}]}}