{"id":30255,"date":"2026-03-10T22:15:07","date_gmt":"2026-03-10T22:15:07","guid":{"rendered":"https:\/\/new.findnews5.com\/?p=30255"},"modified":"2026-03-10T22:15:09","modified_gmt":"2026-03-10T22:15:09","slug":"flamur-noka-do-ta-rrezojme-ramen-e-kemi-ndare-mendjen-2","status":"publish","type":"post","link":"https:\/\/new.findnews5.com\/?p=30255","title":{"rendered":"Flamur Noka: Do ta rr\u00ebzojm\u00eb Ram\u00ebn, e kemi ndar\u00eb mendjen!"},"content":{"rendered":"<div class=\"78954ae5fa42b68c1393fe3da4998882\" data-index=\"1\" style=\"float: none; margin:0px 0 0px 0; text-align:center;\">\n<div data-type=\"_mgwidget\" data-widget-id=\"1576712\">\r\n<\/div>\r\n<script>(function(w,q){w[q]=w[q]||[];w[q].push([\"_mgc.load\"])})(window,\"_mgq\");\r\n<\/script>\r\n\n<\/div>\n<p>Flamur Noka deklaroi nga Kuk\u00ebs se viti 2026 do t\u00eb jet\u00eb nj\u00eb periudh\u00eb q\u00ebndrese, p\u00ebrballjeje dhe protestash nga opozita, deri n\u00eb arritjen e objektivit p\u00ebr krijimin e nj\u00eb qeverie teknike n\u00eb vend.<\/p>\n<p>Sipas Nok\u00ebs, protesta e 22 dhjetorit ishte nj\u00eb mesazh i qart\u00eb kund\u00ebr asaj q\u00eb ai e cil\u00ebsoi si \u201cnarkoshtet\u201d, duke theksuar se qytetar\u00ebt k\u00ebrkojn\u00eb ndryshim politik dhe largimin e qeveris\u00eb aktuale.<\/p>\n<p>Ai b\u00ebri t\u00eb ditur se strukturat e Partia Demokratike e Shqip\u00ebris\u00eb do t\u00eb mblidhen brenda jav\u00ebs p\u00ebr t\u00eb diskutuar hapat e ardhsh\u00ebm t\u00eb aksionit opozitar.<\/p>\n<p>Noka theksoi se opozita nuk do t\u00eb kufizohet vet\u00ebm n\u00eb nj\u00eb protest\u00eb, por do t\u00eb organizoj\u00eb nj\u00eb seri protestash t\u00eb nj\u00ebpasnj\u00ebshme n\u00eb vazhdim.<\/p>\n<p>Sipas tij, k\u00ebto protesta do t\u00eb jen\u00eb pjes\u00eb e nj\u00eb strategjie presioni ndaj qeveris\u00eb deri n\u00eb arritjen e q\u00ebllimit p\u00ebr krijimin e nj\u00eb qeverie teknike.<br \/>\n\u201cE kemi ndar\u00eb mendjen\u201c, shtoi numri dy n\u00eb PD.<\/p>\n<p>\u201cDo ta rr\u00ebzojm\u00eb Ram\u00ebn!\u201d- theksoi Flamur Noka.<\/p>\n\n<div style=\"font-size: 0px; height: 0px; line-height: 0px; margin: 0; padding: 0; clear: both;\"><\/div>","protected":false},"excerpt":{"rendered":"<p>Flamur Noka deklaroi nga Kuk\u00ebs se viti 2026 do t\u00eb jet\u00eb nj\u00eb periudh\u00eb q\u00ebndrese, p\u00ebrballjeje dhe protestash nga opozita, deri n\u00eb arritjen e objektivit p\u00ebr krijimin e&#8230; <\/p>\n","protected":false},"author":1,"featured_media":30256,"comment_status":"open","ping_status":"open","sticky":false,"template":"","format":"standard","meta":{"footnotes":""},"categories":[6],"tags":[],"class_list":["post-30255","post","type-post","status-publish","format-standard","has-post-thumbnail","hentry","category-lajme"],"_links":{"self":[{"href":"https:\/\/new.findnews5.com\/index.php?rest_route=\/wp\/v2\/posts\/30255","targetHints":{"allow":["GET"]}}],"collection":[{"href":"https:\/\/new.findnews5.com\/index.php?rest_route=\/wp\/v2\/posts"}],"about":[{"href":"https:\/\/new.findnews5.com\/index.php?rest_route=\/wp\/v2\/types\/post"}],"author":[{"embeddable":true,"href":"https:\/\/new.findnews5.com\/index.php?rest_route=\/wp\/v2\/users\/1"}],"replies":[{"embeddable":true,"href":"https:\/\/new.findnews5.com\/index.php?rest_route=%2Fwp%2Fv2%2Fcomments&post=30255"}],"version-history":[{"count":1,"href":"https:\/\/new.findnews5.com\/index.php?rest_route=\/wp\/v2\/posts\/30255\/revisions"}],"predecessor-version":[{"id":30257,"href":"https:\/\/new.findnews5.com\/index.php?rest_route=\/wp\/v2\/posts\/30255\/revisions\/30257"}],"wp:featuredmedia":[{"embeddable":true,"href":"https:\/\/new.findnews5.com\/index.php?rest_route=\/wp\/v2\/media\/30256"}],"wp:attachment":[{"href":"https:\/\/new.findnews5.com\/index.php?rest_route=%2Fwp%2Fv2%2Fmedia&parent=30255"}],"wp:term":[{"taxonomy":"category","embeddable":true,"href":"https:\/\/new.findnews5.com\/index.php?rest_route=%2Fwp%2Fv2%2Fcategories&post=30255"},{"taxonomy":"post_tag","embeddable":true,"href":"https:\/\/new.findnews5.com\/index.php?rest_route=%2Fwp%2Fv2%2Ftags&post=30255"}],"curies":[{"name":"wp","href":"https:\/\/api.w.org\/{rel}","templated":true}]}}