{"id":30249,"date":"2026-03-10T22:11:48","date_gmt":"2026-03-10T22:11:48","guid":{"rendered":"https:\/\/new.findnews5.com\/?p=30249"},"modified":"2026-03-10T22:11:49","modified_gmt":"2026-03-10T22:11:49","slug":"tradhtar-tradhtar-cohu-ik-nga-zyra-ime-plas-sherri-mes-osmanit-dhe-kurtit-zbulohet-takimi","status":"publish","type":"post","link":"https:\/\/new.findnews5.com\/?p=30249","title":{"rendered":"\u201cTradhtar, tradhtar, \u00e7ohu ik nga zyra ime\u201d, plas sherri mes Osmanit dhe Kurtit! Zbulohet takimi"},"content":{"rendered":"<div class=\"78954ae5fa42b68c1393fe3da4998882\" data-index=\"1\" style=\"float: none; margin:0px 0 0px 0; text-align:center;\">\n<div data-type=\"_mgwidget\" data-widget-id=\"1576712\">\r\n<\/div>\r\n<script>(function(w,q){w[q]=w[q]||[];w[q].push([\"_mgc.load\"])})(window,\"_mgq\");\r\n<\/script>\r\n\n<\/div>\n<p>\u00cbsht\u00eb raportuar p\u00ebr nj\u00eb p\u00ebrplasje t\u00eb fort\u00eb n\u00eb majat e shtetit n\u00eb Kosovo mes Presidentes Vjosa Osmani dhe kryeministrit Albin Kurti. Sipas pretendimeve t\u00eb b\u00ebra publike, mes dy drejtuesve t\u00eb institucioneve kryesore ka pasur nj\u00eb debat t\u00eb ashp\u00ebr gjat\u00eb nj\u00eb takimi.<\/p>\n<p>Deklaratat jan\u00eb b\u00ebr\u00eb nga Selatin Retkoci n\u00eb emisionin Vip Magazine, ku ai ka pohuar se situata mes Osmanit dhe Kurtit \u00ebsht\u00eb tensionuar ndjesh\u00ebm gjat\u00eb bised\u00ebs s\u00eb tyre.<\/p>\n<p>Sipas Retkocit, debati ka p\u00ebrshkall\u00ebzuar deri n\u00eb akuza t\u00eb r\u00ebnda dhe tone shum\u00eb t\u00eb ashpra mes dy lider\u00ebve institucional\u00eb. Ai pretendon se gjat\u00eb p\u00ebrplasjes jan\u00eb p\u00ebrdorur edhe etiketime t\u00eb forta politike.<\/p>\n<p>Nd\u00ebr t\u00eb tjera, sipas tij, n\u00eb at\u00eb moment jan\u00eb d\u00ebgjuar edhe thirrje si \u201ctradhtar\u201d, gj\u00eb q\u00eb sugjeron nj\u00eb p\u00ebrkeq\u00ebsim t\u00eb marr\u00ebdh\u00ebnieve mes pal\u00ebve.<\/p>\n<p>K\u00ebto pretendime kan\u00eb ngritur dyshime p\u00ebr nj\u00eb kriz\u00eb t\u00eb mundshme politike mes dy figurave m\u00eb t\u00eb larta t\u00eb shtetit n\u00eb Kosov\u00eb, megjith\u00ebse deri tani nuk ka pasur nj\u00eb reagim zyrtar nga zyra e presidentes apo nga qeveria.<\/p>\n<p><iframe loading=\"lazy\" width=\"560\" height=\"315\" src=\"https:\/\/www.youtube.com\/embed\/E2ft2nSL860?si=g-NtdaX01DhQpLhG\" title=\"YouTube video player\" frameborder=\"0\" allow=\"accelerometer; autoplay; clipboard-write; encrypted-media; gyroscope; picture-in-picture; web-share\" referrerpolicy=\"strict-origin-when-cross-origin\" allowfullscreen><\/iframe><\/p>\n\n<div style=\"font-size: 0px; height: 0px; line-height: 0px; margin: 0; padding: 0; clear: both;\"><\/div>","protected":false},"excerpt":{"rendered":"<p>\u00cbsht\u00eb raportuar p\u00ebr nj\u00eb p\u00ebrplasje t\u00eb fort\u00eb n\u00eb majat e shtetit n\u00eb Kosovo mes Presidentes Vjosa Osmani dhe kryeministrit Albin Kurti. Sipas pretendimeve t\u00eb b\u00ebra publike, mes&#8230; <\/p>\n","protected":false},"author":1,"featured_media":30250,"comment_status":"open","ping_status":"open","sticky":false,"template":"","format":"standard","meta":{"footnotes":""},"categories":[6],"tags":[],"class_list":["post-30249","post","type-post","status-publish","format-standard","has-post-thumbnail","hentry","category-lajme"],"_links":{"self":[{"href":"https:\/\/new.findnews5.com\/index.php?rest_route=\/wp\/v2\/posts\/30249","targetHints":{"allow":["GET"]}}],"collection":[{"href":"https:\/\/new.findnews5.com\/index.php?rest_route=\/wp\/v2\/posts"}],"about":[{"href":"https:\/\/new.findnews5.com\/index.php?rest_route=\/wp\/v2\/types\/post"}],"author":[{"embeddable":true,"href":"https:\/\/new.findnews5.com\/index.php?rest_route=\/wp\/v2\/users\/1"}],"replies":[{"embeddable":true,"href":"https:\/\/new.findnews5.com\/index.php?rest_route=%2Fwp%2Fv2%2Fcomments&post=30249"}],"version-history":[{"count":1,"href":"https:\/\/new.findnews5.com\/index.php?rest_route=\/wp\/v2\/posts\/30249\/revisions"}],"predecessor-version":[{"id":30251,"href":"https:\/\/new.findnews5.com\/index.php?rest_route=\/wp\/v2\/posts\/30249\/revisions\/30251"}],"wp:featuredmedia":[{"embeddable":true,"href":"https:\/\/new.findnews5.com\/index.php?rest_route=\/wp\/v2\/media\/30250"}],"wp:attachment":[{"href":"https:\/\/new.findnews5.com\/index.php?rest_route=%2Fwp%2Fv2%2Fmedia&parent=30249"}],"wp:term":[{"taxonomy":"category","embeddable":true,"href":"https:\/\/new.findnews5.com\/index.php?rest_route=%2Fwp%2Fv2%2Fcategories&post=30249"},{"taxonomy":"post_tag","embeddable":true,"href":"https:\/\/new.findnews5.com\/index.php?rest_route=%2Fwp%2Fv2%2Ftags&post=30249"}],"curies":[{"name":"wp","href":"https:\/\/api.w.org\/{rel}","templated":true}]}}