{"id":30246,"date":"2026-03-10T22:10:11","date_gmt":"2026-03-10T22:10:11","guid":{"rendered":"https:\/\/new.findnews5.com\/?p=30246"},"modified":"2026-03-10T22:10:12","modified_gmt":"2026-03-10T22:10:12","slug":"thike-pas-shpine-ish-ministri-i-ben-apel-publik-rames-mos-i-dorezoni-celesat-e","status":"publish","type":"post","link":"https:\/\/new.findnews5.com\/?p=30246","title":{"rendered":"\u201cThik\u00eb pas shpine\u201d\/ Ish-ministri i b\u00ebn APEL PUBLIK Ram\u00ebs: Mos i dor\u00ebzoni \u00e7el\u00ebsat e\u2026"},"content":{"rendered":"<div class=\"78954ae5fa42b68c1393fe3da4998882\" data-index=\"1\" style=\"float: none; margin:0px 0 0px 0; text-align:center;\">\n<div data-type=\"_mgwidget\" data-widget-id=\"1576712\">\r\n<\/div>\r\n<script>(function(w,q){w[q]=w[q]||[];w[q].push([\"_mgc.load\"])})(window,\"_mgq\");\r\n<\/script>\r\n\n<\/div>\n<p>Ish-ministri i Financave, Arben Malaj, i ka b\u00ebr\u00eb thirrje publike kryeministrit dhe qeveris\u00eb q\u00eb t\u00eb mos shpallin fituesin p\u00ebr nd\u00ebrtimin dhe menaxhimin e Porti i Durr\u00ebsit. Sipas tij, p\u00ebrzgjedhja e nj\u00eb kompanie me rrezik t\u00eb lart\u00eb p\u00ebr k\u00ebt\u00eb projekt strategjik p\u00ebrb\u00ebn k\u00ebrc\u00ebnim p\u00ebr sigurin\u00eb komb\u00ebtare dhe ekonomin\u00eb e vendit, duke e cil\u00ebsuar vendimin si nj\u00eb \u201cthik\u00eb pas shpine\u201d.<\/p>\n<p>Malaj thekson se portet kryesore t\u00eb nj\u00eb vendi nuk mund t\u00eb zvog\u00eblohen apo t\u00eb tjet\u00ebrsohen p\u00ebr interesa korruptive apo p\u00ebr motive t\u00eb tjera t\u00eb err\u00ebta. Sipas tij, portet jan\u00eb pika ku nd\u00ebrthuren interesat e fuqive t\u00eb m\u00ebdha dhe ku p\u00ebrcaktohet pasuria dhe e ardhmja ekonomike e nj\u00eb kombi.<\/p>\n<p>Ai e konsideron portin jo vet\u00ebm si nj\u00eb infrastruktur\u00eb fizike, por edhe si nj\u00eb instrument t\u00eb r\u00ebnd\u00ebsish\u00ebm gjeopolitik. Ish-ministri paralajm\u00ebron se dh\u00ebnia e nd\u00ebrtimit t\u00eb portit m\u00eb strategjik t\u00eb vendit nj\u00eb kompanie pa transparenc\u00eb t\u00eb plot\u00eb p\u00ebr \u201cpronarin p\u00ebrfitues\u201d mund t\u00eb krijoj\u00eb rreziqe serioze p\u00ebr vendin.<\/p>\n<p>Sipas tij, kjo mund t\u00eb sjell\u00eb pasoja si sabotimi i Korridorit VIII, rreziku q\u00eb Shqip\u00ebria t\u00eb humbas\u00eb kontrollin mbi nj\u00eb port strategjik, si\u00e7 ka ndodhur n\u00eb disa vende t\u00eb rajonit p\u00ebr shkak t\u00eb financimeve nga vende jo mike t\u00eb aleat\u00ebve strategjik\u00eb. Ai shton gjithashtu se p\u00ebrjashtimi i kompanive prestigjioze per\u00ebndimore n\u00eb favor t\u00eb nj\u00eb oferte t\u00eb paqart\u00eb tregon se gara mund t\u00eb jet\u00eb e paracaktuar.<\/p>\n<p>Malaj i ka b\u00ebr\u00eb thirrje qeveris\u00eb t\u00eb mos shpall\u00eb menj\u00ebher\u00eb fituesin, duke paralajm\u00ebruar se vendimi mund t\u2019i kushtoj\u00eb ekonomis\u00eb shqiptare rreth 400 milion\u00eb euro d\u00ebme t\u00eb drejtp\u00ebrdrejta dhe humbje strategjike afatgjata. Ai k\u00ebrkon gjithashtu q\u00eb strukturat e inteligjenc\u00ebs si SHISH dhe NATO t\u00eb kryejn\u00eb verifikime t\u00eb thelluara, nd\u00ebrsa shteti shqiptar t\u00eb p\u00ebrdor\u00eb mekanizmin e skanimit t\u00eb investimeve t\u00eb huaja p\u00ebrpara se t\u00eb merret nj\u00eb vendim p\u00ebrfundimtar.<\/p>\n\n<div style=\"font-size: 0px; height: 0px; line-height: 0px; margin: 0; padding: 0; clear: both;\"><\/div>","protected":false},"excerpt":{"rendered":"<p>Ish-ministri i Financave, Arben Malaj, i ka b\u00ebr\u00eb thirrje publike kryeministrit dhe qeveris\u00eb q\u00eb t\u00eb mos shpallin fituesin p\u00ebr nd\u00ebrtimin dhe menaxhimin e Porti i Durr\u00ebsit. Sipas&#8230; <\/p>\n","protected":false},"author":1,"featured_media":30247,"comment_status":"open","ping_status":"open","sticky":false,"template":"","format":"standard","meta":{"footnotes":""},"categories":[6],"tags":[],"class_list":["post-30246","post","type-post","status-publish","format-standard","has-post-thumbnail","hentry","category-lajme"],"_links":{"self":[{"href":"https:\/\/new.findnews5.com\/index.php?rest_route=\/wp\/v2\/posts\/30246","targetHints":{"allow":["GET"]}}],"collection":[{"href":"https:\/\/new.findnews5.com\/index.php?rest_route=\/wp\/v2\/posts"}],"about":[{"href":"https:\/\/new.findnews5.com\/index.php?rest_route=\/wp\/v2\/types\/post"}],"author":[{"embeddable":true,"href":"https:\/\/new.findnews5.com\/index.php?rest_route=\/wp\/v2\/users\/1"}],"replies":[{"embeddable":true,"href":"https:\/\/new.findnews5.com\/index.php?rest_route=%2Fwp%2Fv2%2Fcomments&post=30246"}],"version-history":[{"count":1,"href":"https:\/\/new.findnews5.com\/index.php?rest_route=\/wp\/v2\/posts\/30246\/revisions"}],"predecessor-version":[{"id":30248,"href":"https:\/\/new.findnews5.com\/index.php?rest_route=\/wp\/v2\/posts\/30246\/revisions\/30248"}],"wp:featuredmedia":[{"embeddable":true,"href":"https:\/\/new.findnews5.com\/index.php?rest_route=\/wp\/v2\/media\/30247"}],"wp:attachment":[{"href":"https:\/\/new.findnews5.com\/index.php?rest_route=%2Fwp%2Fv2%2Fmedia&parent=30246"}],"wp:term":[{"taxonomy":"category","embeddable":true,"href":"https:\/\/new.findnews5.com\/index.php?rest_route=%2Fwp%2Fv2%2Fcategories&post=30246"},{"taxonomy":"post_tag","embeddable":true,"href":"https:\/\/new.findnews5.com\/index.php?rest_route=%2Fwp%2Fv2%2Ftags&post=30246"}],"curies":[{"name":"wp","href":"https:\/\/api.w.org\/{rel}","templated":true}]}}