{"id":30239,"date":"2026-03-09T12:04:15","date_gmt":"2026-03-09T12:04:15","guid":{"rendered":"https:\/\/new.findnews5.com\/?p=30239"},"modified":"2026-03-09T12:04:15","modified_gmt":"2026-03-09T12:04:15","slug":"kelmendi-reagon-ashper-ndaj-presidentes-pa-fije-turpi-pini-uje-ne-ramazan-lakmia-jote-per-pushtet-po-e-shkaterron-shtetin","status":"publish","type":"post","link":"https:\/\/new.findnews5.com\/?p=30239","title":{"rendered":"Kelmendi reagon ashp\u00ebr ndaj President\u00ebs &#8211; \u201cPa fije turpi pini uj\u00eb n\u00eb Ramazan\u201d, Lakmia jote p\u00ebr pushtet po e shkat\u00ebrron shtetin\u201d"},"content":{"rendered":"<div class=\"78954ae5fa42b68c1393fe3da4998882\" data-index=\"1\" style=\"float: none; margin:0px 0 0px 0; text-align:center;\">\n<div data-type=\"_mgwidget\" data-widget-id=\"1576712\">\r\n<\/div>\r\n<script>(function(w,q){w[q]=w[q]||[];w[q].push([\"_mgc.load\"])})(window,\"_mgq\");\r\n<\/script>\r\n\n<\/div>\n<p>Reagimi publik i G\u00ebzim Kelmendi \u00ebsht\u00eb nj\u00eb p\u00ebrzierje e kritik\u00ebs politike, retorik\u00ebs morale dhe referencave fetare, i cili synon t\u00eb diskreditoj\u00eb Presidenten e Kosovo, Vjosa Osmani, duke e akuzuar p\u00ebr lakmi dhe motive hakmarrjeje n\u00eb vendimmarrje, nd\u00ebrkoh\u00eb q\u00eb lidh veprimet e saj me normat fetare gjat\u00eb muajit t\u00eb Ramazani<\/p>\n<p>Kur lakmia p\u00ebr pushtet, e shkat\u00ebrron nj\u00eb shtet!<br \/>\nPresidente a e dini q\u00eb \u00ebsht\u00eb Ramazan?<br \/>\nPresidente a e dini q\u00eb p\u00ebrfaq\u00ebsoni nj\u00eb shtet musliman?<br \/>\nPresidente a e dini q\u00eb pag\u00ebn tuaj aktuale dhe pag\u00ebn e p\u00ebrjetshme q\u00eb do ta merrni, e keni nga djersa dhe taksa e qytetar\u00ebve t\u00eb k\u00ebtij shteti musliman?<br \/>\nDje n\u00eb p\u00ebrvjetor t\u00eb Epopes\u00eb s\u00eb U\u00c7K-s\u00eb dhe<br \/>\nsot n\u00eb konferenc\u00eb para gazetar\u00ebve, ju, pa fije turpi pini uj\u00eb n\u00eb mes t\u00eb Ramazanit!<br \/>\nUn\u00eb nuk befasohem me sjelljen tuaj, ngase ju njoh mir\u00eb. Q\u00eb nga viti 2019 iu kam treguar qytetar\u00ebve pse nuk duhet juve me ju votuar.<br \/>\nSot keni vendos\u00eb ta d\u00ebrgoni vendin n\u00eb zgjedhje si hakmarrje ndaj kryeministrit Kurti q\u00eb nuk iu ka rikandiduar p\u00ebr presidente.<br \/>\nLakmia juaj p\u00ebr pushtet, \u00ebsht\u00eb duke e shkat\u00ebrruar k\u00ebt\u00eb shtet.<br \/>\nJu e dini mir\u00eb q\u00eb vendimi juaj p\u00ebr zgjedhje, \u00ebsht\u00eb shkelje e kushtetut\u00ebs s\u00eb Republik\u00ebs s\u00eb Kosov\u00ebs.<br \/>\nE di q\u00eb nuk m\u00ebrziteni q\u00eb po e shkelni kushtetut\u00ebn, ngase vet\u00ebm  edhe disa dit\u00eb jeni si presidente.<br \/>\nPor t\u00eb verbuar nga lakmia p\u00ebr pushtet dhe nga d\u00ebshira p\u00ebr hakmarrje, ju po luani me qytetar\u00ebt e Kosov\u00ebs, po luani me t\u00eb ardhmen e tyre.<br \/>\nNe Partia FJALA, prap do t\u00eb jemi pjes\u00eb e zgjedhjeve.<br \/>\nNe Partia FJALA edhe n\u00ebse nuk kemi fituar vota dhe pushtet sikur ju, ne jemi fitues moral, ngase \u00e7do gj\u00eb q\u00eb kemi th\u00ebn\u00eb p\u00ebr juve, ka dal\u00eb 100% e sakt.<br \/>\nG\u00ebzim Kelmendi<\/p>\n\n<div style=\"font-size: 0px; height: 0px; line-height: 0px; margin: 0; padding: 0; clear: both;\"><\/div>","protected":false},"excerpt":{"rendered":"<p>Reagimi publik i G\u00ebzim Kelmendi \u00ebsht\u00eb nj\u00eb p\u00ebrzierje e kritik\u00ebs politike, retorik\u00ebs morale dhe referencave fetare, i cili synon t\u00eb diskreditoj\u00eb Presidenten e Kosovo, Vjosa Osmani, duke&#8230; <\/p>\n","protected":false},"author":1,"featured_media":30240,"comment_status":"open","ping_status":"open","sticky":false,"template":"","format":"standard","meta":{"footnotes":""},"categories":[6],"tags":[],"class_list":["post-30239","post","type-post","status-publish","format-standard","has-post-thumbnail","hentry","category-lajme"],"_links":{"self":[{"href":"https:\/\/new.findnews5.com\/index.php?rest_route=\/wp\/v2\/posts\/30239","targetHints":{"allow":["GET"]}}],"collection":[{"href":"https:\/\/new.findnews5.com\/index.php?rest_route=\/wp\/v2\/posts"}],"about":[{"href":"https:\/\/new.findnews5.com\/index.php?rest_route=\/wp\/v2\/types\/post"}],"author":[{"embeddable":true,"href":"https:\/\/new.findnews5.com\/index.php?rest_route=\/wp\/v2\/users\/1"}],"replies":[{"embeddable":true,"href":"https:\/\/new.findnews5.com\/index.php?rest_route=%2Fwp%2Fv2%2Fcomments&post=30239"}],"version-history":[{"count":1,"href":"https:\/\/new.findnews5.com\/index.php?rest_route=\/wp\/v2\/posts\/30239\/revisions"}],"predecessor-version":[{"id":30241,"href":"https:\/\/new.findnews5.com\/index.php?rest_route=\/wp\/v2\/posts\/30239\/revisions\/30241"}],"wp:featuredmedia":[{"embeddable":true,"href":"https:\/\/new.findnews5.com\/index.php?rest_route=\/wp\/v2\/media\/30240"}],"wp:attachment":[{"href":"https:\/\/new.findnews5.com\/index.php?rest_route=%2Fwp%2Fv2%2Fmedia&parent=30239"}],"wp:term":[{"taxonomy":"category","embeddable":true,"href":"https:\/\/new.findnews5.com\/index.php?rest_route=%2Fwp%2Fv2%2Fcategories&post=30239"},{"taxonomy":"post_tag","embeddable":true,"href":"https:\/\/new.findnews5.com\/index.php?rest_route=%2Fwp%2Fv2%2Ftags&post=30239"}],"curies":[{"name":"wp","href":"https:\/\/api.w.org\/{rel}","templated":true}]}}