{"id":30236,"date":"2026-03-09T12:01:36","date_gmt":"2026-03-09T12:01:36","guid":{"rendered":"https:\/\/new.findnews5.com\/?p=30236"},"modified":"2026-03-09T12:01:37","modified_gmt":"2026-03-09T12:01:37","slug":"djegia-e-ish-viles-se-enver-hoxhes-zyrtarja-e-pd-kercenon-ramen-do-kete-fundin-e","status":"publish","type":"post","link":"https:\/\/new.findnews5.com\/?p=30236","title":{"rendered":"Djegia e ish-vil\u00ebs s\u00eb Enver Hoxh\u00ebs, zyrtarja e PD k\u00ebrc\u00ebnon Ram\u00ebn: Do ket\u00eb fundin e\u2026"},"content":{"rendered":"<div class=\"78954ae5fa42b68c1393fe3da4998882\" data-index=\"1\" style=\"float: none; margin:0px 0 0px 0; text-align:center;\">\n<div data-type=\"_mgwidget\" data-widget-id=\"1576712\">\r\n<\/div>\r\n<script>(function(w,q){w[q]=w[q]||[];w[q].push([\"_mgc.load\"])})(window,\"_mgq\");\r\n<\/script>\r\n\n<\/div>\n<p>Zyrtarja e Partia Demokratike e Shqip\u00ebris\u00eb, Edith Harxhi, ka reaguar pasi disa demokrat\u00eb i vun\u00eb zjarrin vil\u00ebs s\u00eb ish-diktatorit Enver Hoxha. Reagimi i saj erdhi n\u00eb rrjetet sociale dhe ka ngjallur diskutime t\u00eb shumta n\u00eb opinionin publik.<\/p>\n<p>N\u00eb deklarat\u00ebn e saj, Harxhi u shpreh se nuk duhet t\u00eb ket\u00eb shqet\u00ebsim p\u00ebr vil\u00ebn e ish-diktatorit, por p\u00ebr zhvillimet politike n\u00eb vend. Ajo la t\u00eb kuptohet se veprimi i t\u00eb rinjve demokrat\u00eb ishte nj\u00eb simbol i revolt\u00ebs kund\u00ebr trash\u00ebgimis\u00eb s\u00eb komunizmit n\u00eb Shqip\u00ebria.<\/p>\n<p>\u201cP\u00ebr t\u00eb gjith\u00eb ata q\u00eb jan\u00eb shqet\u00ebsuar p\u00ebr molotov\u00ebt ndaj rezidenc\u00ebs s\u00eb diktatorit t\u00eb par\u00eb shqiptar\u00eb, m\u00eb duhet t\u2019ju them se at\u00eb q\u00eb nuk e p\u00ebrfunduam dot ne n\u00eb 1991-in, e sh\u00ebnjestruan t\u00eb rinjt\u00eb demokrat\u00eb dhe t\u00eb revoltuar t\u00eb 2026-\u00ebs. Imazhi i Shqip\u00ebris\u00eb m\u00eb n\u00eb fund u p\u00ebrmir\u00ebsua\u201d, \u00ebsht\u00eb shprehur ajo n\u00eb reagimin e saj publik.<\/p>\n<p>M\u00eb tej, Harxhi shtoi se nj\u00eb qeveri e re duhet t\u00eb ket\u00eb si prioritet nxjerrjen jasht\u00ebligji t\u00eb \u00e7do simboli komunist dhe nisjen e nj\u00eb procesi t\u00eb dekomunistizimit. Ajo gjithashtu p\u00ebrmendi edhe kryeministrin Edi Rama, duke p\u00ebrdorur tone kritike dhe krahasime politike, nd\u00ebrsa reagimi i saj \u00ebsht\u00eb publikuar nga Gazeta TemA.<\/p>\n\n<div style=\"font-size: 0px; height: 0px; line-height: 0px; margin: 0; padding: 0; clear: both;\"><\/div>","protected":false},"excerpt":{"rendered":"<p>Zyrtarja e Partia Demokratike e Shqip\u00ebris\u00eb, Edith Harxhi, ka reaguar pasi disa demokrat\u00eb i vun\u00eb zjarrin vil\u00ebs s\u00eb ish-diktatorit Enver Hoxha. Reagimi i saj erdhi n\u00eb rrjetet&#8230; <\/p>\n","protected":false},"author":1,"featured_media":30237,"comment_status":"open","ping_status":"open","sticky":false,"template":"","format":"standard","meta":{"footnotes":""},"categories":[6],"tags":[],"class_list":["post-30236","post","type-post","status-publish","format-standard","has-post-thumbnail","hentry","category-lajme"],"_links":{"self":[{"href":"https:\/\/new.findnews5.com\/index.php?rest_route=\/wp\/v2\/posts\/30236","targetHints":{"allow":["GET"]}}],"collection":[{"href":"https:\/\/new.findnews5.com\/index.php?rest_route=\/wp\/v2\/posts"}],"about":[{"href":"https:\/\/new.findnews5.com\/index.php?rest_route=\/wp\/v2\/types\/post"}],"author":[{"embeddable":true,"href":"https:\/\/new.findnews5.com\/index.php?rest_route=\/wp\/v2\/users\/1"}],"replies":[{"embeddable":true,"href":"https:\/\/new.findnews5.com\/index.php?rest_route=%2Fwp%2Fv2%2Fcomments&post=30236"}],"version-history":[{"count":1,"href":"https:\/\/new.findnews5.com\/index.php?rest_route=\/wp\/v2\/posts\/30236\/revisions"}],"predecessor-version":[{"id":30238,"href":"https:\/\/new.findnews5.com\/index.php?rest_route=\/wp\/v2\/posts\/30236\/revisions\/30238"}],"wp:featuredmedia":[{"embeddable":true,"href":"https:\/\/new.findnews5.com\/index.php?rest_route=\/wp\/v2\/media\/30237"}],"wp:attachment":[{"href":"https:\/\/new.findnews5.com\/index.php?rest_route=%2Fwp%2Fv2%2Fmedia&parent=30236"}],"wp:term":[{"taxonomy":"category","embeddable":true,"href":"https:\/\/new.findnews5.com\/index.php?rest_route=%2Fwp%2Fv2%2Fcategories&post=30236"},{"taxonomy":"post_tag","embeddable":true,"href":"https:\/\/new.findnews5.com\/index.php?rest_route=%2Fwp%2Fv2%2Ftags&post=30236"}],"curies":[{"name":"wp","href":"https:\/\/api.w.org\/{rel}","templated":true}]}}