{"id":30233,"date":"2026-03-09T11:58:50","date_gmt":"2026-03-09T11:58:50","guid":{"rendered":"https:\/\/new.findnews5.com\/?p=30233"},"modified":"2026-03-09T11:58:51","modified_gmt":"2026-03-09T11:58:51","slug":"nato-e-ben-lajm-boteror-presidenten-vjosa-osmanin","status":"publish","type":"post","link":"https:\/\/new.findnews5.com\/?p=30233","title":{"rendered":"NATO e b\u00ebn lajm bot\u00ebror President\u00ebn Vjosa Osmanin"},"content":{"rendered":"<div class=\"78954ae5fa42b68c1393fe3da4998882\" data-index=\"1\" style=\"float: none; margin:0px 0 0px 0; text-align:center;\">\n<div data-type=\"_mgwidget\" data-widget-id=\"1576712\">\r\n<\/div>\r\n<script>(function(w,q){w[q]=w[q]||[];w[q].push([\"_mgc.load\"])})(window,\"_mgq\");\r\n<\/script>\r\n\n<\/div>\n<p>N\u00eb kuad\u00ebr t\u00eb sh\u00ebnimit t\u00eb Dita Nd\u00ebrkomb\u00ebtare e Gruas, Asambleja Parlamentare e NATO-s ka ftuar Presidenten e Kosovo, Vjosa Osmani, q\u00eb t\u00eb ndaj\u00eb nj\u00eb mesazh t\u00eb ve\u00e7ant\u00eb p\u00ebr grat\u00eb dhe vajzat n\u00eb mbar\u00eb bot\u00ebn. Ftesa konsiderohet nj\u00eb vler\u00ebsim i r\u00ebnd\u00ebsish\u00ebm p\u00ebr rolin dhe angazhimin e saj n\u00eb sken\u00ebn nd\u00ebrkomb\u00ebtare.<\/p>\n<p>Osmani \u00ebsht\u00eb gjithashtu laureate e \u00e7mimit prestigjioz \u201cGrat\u00eb p\u00ebr Paqe dhe Siguri 2025\u201d, nj\u00eb vler\u00ebsim q\u00eb jepet nga Asambleja Parlamentare e NATO-s p\u00ebr personalitetet q\u00eb kontribuojn\u00eb n\u00eb forcimin e rolit t\u00eb grave n\u00eb proceset e paqes, siguris\u00eb dhe vendimmarrjes politike. Ky \u00e7mim shihet si nj\u00eb tjet\u00ebr vler\u00ebsim nd\u00ebrkomb\u00ebtar p\u00ebr lidershipin e saj dhe p\u00ebr p\u00ebrfaq\u00ebsimin e Kosov\u00ebs n\u00eb aren\u00ebn globale.<\/p>\n<p>N\u00eb mesazhin e saj, Vjosa Osmani theksoi r\u00ebnd\u00ebsin\u00eb e p\u00ebrfshirjes s\u00eb grave n\u00eb vendimmarrje dhe n\u00eb nd\u00ebrtimin e shoq\u00ebrive m\u00eb t\u00eb forta dhe m\u00eb t\u00eb q\u00ebndrueshme. Ajo n\u00ebnvizoi se p\u00ebrvoja n\u00eb shum\u00eb vende t\u00eb bot\u00ebs ka treguar se kur grat\u00eb jan\u00eb pjes\u00eb aktive e proceseve politike dhe t\u00eb siguris\u00eb, shoq\u00ebrit\u00eb b\u00ebhen m\u00eb paq\u00ebsore dhe m\u00eb rezistente ndaj krizave.<\/p>\n<p>Presidentja e Kosov\u00ebs u b\u00ebri thirrje institucioneve dhe shoq\u00ebrive q\u00eb t\u00eb vazhdojn\u00eb t\u00eb investojn\u00eb n\u00eb fuqizimin e grave dhe vajzave, duke theksuar se lidershipi i tyre \u00ebsht\u00eb thelb\u00ebsor p\u00ebr t\u00eb ardhmen. Sipas saj, p\u00ebrfshirja e grave nuk duhet t\u00eb shihet vet\u00ebm si \u00e7\u00ebshtje barazie, por edhe si nj\u00eb domosdoshm\u00ebri p\u00ebr zhvillim t\u00eb q\u00ebndruesh\u00ebm dhe siguri globale. Nd\u00ebrkoh\u00eb, Asambleja Parlamentare e NATO-s theksoi se historia \u00ebsht\u00eb e mbushur me gra q\u00eb udh\u00ebheqin dhe frym\u00ebzojn\u00eb n\u00eb nd\u00ebrtimin e nj\u00eb bote m\u00eb t\u00eb sigurt, duke ftuar publikun t\u00eb bashkohet n\u00eb vler\u00ebsimin e rolit t\u00eb tyre.<\/p>\n<p><iframe loading=\"lazy\" src=\"https:\/\/www.facebook.com\/plugins\/video.php?height=314&#038;href=https%3A%2F%2Fwww.facebook.com%2Freel%2F26050752341251362%2F&#038;show_text=true&#038;width=560&#038;t=0\" width=\"560\" height=\"429\" style=\"border:none;overflow:hidden\" scrolling=\"no\" frameborder=\"0\" allowfullscreen=\"true\" allow=\"autoplay; clipboard-write; encrypted-media; picture-in-picture; web-share\" allowFullScreen=\"true\"><\/iframe><\/p>\n\n<div style=\"font-size: 0px; height: 0px; line-height: 0px; margin: 0; padding: 0; clear: both;\"><\/div>","protected":false},"excerpt":{"rendered":"<p>N\u00eb kuad\u00ebr t\u00eb sh\u00ebnimit t\u00eb Dita Nd\u00ebrkomb\u00ebtare e Gruas, Asambleja Parlamentare e NATO-s ka ftuar Presidenten e Kosovo, Vjosa Osmani, q\u00eb t\u00eb ndaj\u00eb nj\u00eb mesazh t\u00eb ve\u00e7ant\u00eb&#8230; <\/p>\n","protected":false},"author":1,"featured_media":30234,"comment_status":"open","ping_status":"open","sticky":false,"template":"","format":"standard","meta":{"footnotes":""},"categories":[6],"tags":[],"class_list":["post-30233","post","type-post","status-publish","format-standard","has-post-thumbnail","hentry","category-lajme"],"_links":{"self":[{"href":"https:\/\/new.findnews5.com\/index.php?rest_route=\/wp\/v2\/posts\/30233","targetHints":{"allow":["GET"]}}],"collection":[{"href":"https:\/\/new.findnews5.com\/index.php?rest_route=\/wp\/v2\/posts"}],"about":[{"href":"https:\/\/new.findnews5.com\/index.php?rest_route=\/wp\/v2\/types\/post"}],"author":[{"embeddable":true,"href":"https:\/\/new.findnews5.com\/index.php?rest_route=\/wp\/v2\/users\/1"}],"replies":[{"embeddable":true,"href":"https:\/\/new.findnews5.com\/index.php?rest_route=%2Fwp%2Fv2%2Fcomments&post=30233"}],"version-history":[{"count":1,"href":"https:\/\/new.findnews5.com\/index.php?rest_route=\/wp\/v2\/posts\/30233\/revisions"}],"predecessor-version":[{"id":30235,"href":"https:\/\/new.findnews5.com\/index.php?rest_route=\/wp\/v2\/posts\/30233\/revisions\/30235"}],"wp:featuredmedia":[{"embeddable":true,"href":"https:\/\/new.findnews5.com\/index.php?rest_route=\/wp\/v2\/media\/30234"}],"wp:attachment":[{"href":"https:\/\/new.findnews5.com\/index.php?rest_route=%2Fwp%2Fv2%2Fmedia&parent=30233"}],"wp:term":[{"taxonomy":"category","embeddable":true,"href":"https:\/\/new.findnews5.com\/index.php?rest_route=%2Fwp%2Fv2%2Fcategories&post=30233"},{"taxonomy":"post_tag","embeddable":true,"href":"https:\/\/new.findnews5.com\/index.php?rest_route=%2Fwp%2Fv2%2Ftags&post=30233"}],"curies":[{"name":"wp","href":"https:\/\/api.w.org\/{rel}","templated":true}]}}