{"id":30227,"date":"2026-03-09T11:55:01","date_gmt":"2026-03-09T11:55:01","guid":{"rendered":"https:\/\/new.findnews5.com\/?p=30227"},"modified":"2026-03-09T11:55:02","modified_gmt":"2026-03-09T11:55:02","slug":"pandeli-majko-vlereson-albin-kurtin-me-plot-gojen-themi-albin-kurti-ta-lumsha","status":"publish","type":"post","link":"https:\/\/new.findnews5.com\/?p=30227","title":{"rendered":"Pandeli Majko vler\u00ebson Albin Kurtin: \u201cMe plot goj\u00ebn themi: Albin Kurti, ta lumsha!\u201d"},"content":{"rendered":"<div class=\"78954ae5fa42b68c1393fe3da4998882\" data-index=\"1\" style=\"float: none; margin:0px 0 0px 0; text-align:center;\">\n<div data-type=\"_mgwidget\" data-widget-id=\"1576712\">\r\n<\/div>\r\n<script>(function(w,q){w[q]=w[q]||[];w[q].push([\"_mgc.load\"])})(window,\"_mgq\");\r\n<\/script>\r\n\n<\/div>\n<p>Ish-kryeministri i Shqip\u00ebria, Pandeli Majko, ka b\u00ebr\u00eb nj\u00eb deklarat\u00eb publike n\u00eb t\u00eb cil\u00ebn ka shprehur vler\u00ebsim p\u00ebr kryeministrin e Kosovo, Albin Kurti. Reagimi i tij ka t\u00ebrhequr v\u00ebmendje n\u00eb opinionin publik dhe n\u00eb qarqet politike n\u00eb t\u00eb dy vendet.<\/p>\n<p>N\u00eb nj\u00eb koment t\u00eb shkurt\u00ebr, por me nj\u00eb mesazh t\u00eb fort\u00eb simbolik, Majko ka p\u00ebrdorur nj\u00eb gjuh\u00eb t\u00eb drejtp\u00ebrdrejt\u00eb p\u00ebr t\u00eb vler\u00ebsuar pun\u00ebn dhe q\u00ebndrimin politik t\u00eb Kurtit. Ai \u00ebsht\u00eb shprehur: \u201cMe plot goj\u00ebn themi: Albin Kurti, ta lumsha.\u201d<\/p>\n<p>Deklarata e ish-kryeministrit shqiptar \u00ebsht\u00eb komentuar gjer\u00ebsisht n\u00eb rrjetet sociale dhe n\u00eb debatet politike, duke qen\u00eb se Majko konsiderohet nj\u00eb figur\u00eb me p\u00ebrvoj\u00eb n\u00eb raportet mes Tirana dhe Prishtina. P\u00ebr k\u00ebt\u00eb arsye, \u00e7do q\u00ebndrim i tij p\u00ebr zhvillimet n\u00eb Kosov\u00eb shpesh merr v\u00ebmendje t\u00eb madhe publike.<\/p>\n<p>Vler\u00ebsimi i tij vjen n\u00eb nj\u00eb koh\u00eb kur skena politike n\u00eb Kosov\u00eb po p\u00ebrballet me zhvillime dhe p\u00ebrplasje mes institucioneve. Pandeli Majko ka qen\u00eb dy her\u00eb kryeminist\u00ebr i Shqip\u00ebris\u00eb dhe p\u00ebr vite me radh\u00eb nj\u00eb nga figurat e r\u00ebnd\u00ebsishme t\u00eb Partia Socialiste e Shqip\u00ebris\u00eb, duke komentuar shpesh \u00e7\u00ebshtjet q\u00eb lidhen me marr\u00ebdh\u00ebniet mes shqiptar\u00ebve n\u00eb rajon.<\/p>\n\n<div style=\"font-size: 0px; height: 0px; line-height: 0px; margin: 0; padding: 0; clear: both;\"><\/div>","protected":false},"excerpt":{"rendered":"<p>Ish-kryeministri i Shqip\u00ebria, Pandeli Majko, ka b\u00ebr\u00eb nj\u00eb deklarat\u00eb publike n\u00eb t\u00eb cil\u00ebn ka shprehur vler\u00ebsim p\u00ebr kryeministrin e Kosovo, Albin Kurti. Reagimi i tij ka t\u00ebrhequr&#8230; <\/p>\n","protected":false},"author":1,"featured_media":30228,"comment_status":"open","ping_status":"open","sticky":false,"template":"","format":"standard","meta":{"footnotes":""},"categories":[6],"tags":[],"class_list":["post-30227","post","type-post","status-publish","format-standard","has-post-thumbnail","hentry","category-lajme"],"_links":{"self":[{"href":"https:\/\/new.findnews5.com\/index.php?rest_route=\/wp\/v2\/posts\/30227","targetHints":{"allow":["GET"]}}],"collection":[{"href":"https:\/\/new.findnews5.com\/index.php?rest_route=\/wp\/v2\/posts"}],"about":[{"href":"https:\/\/new.findnews5.com\/index.php?rest_route=\/wp\/v2\/types\/post"}],"author":[{"embeddable":true,"href":"https:\/\/new.findnews5.com\/index.php?rest_route=\/wp\/v2\/users\/1"}],"replies":[{"embeddable":true,"href":"https:\/\/new.findnews5.com\/index.php?rest_route=%2Fwp%2Fv2%2Fcomments&post=30227"}],"version-history":[{"count":1,"href":"https:\/\/new.findnews5.com\/index.php?rest_route=\/wp\/v2\/posts\/30227\/revisions"}],"predecessor-version":[{"id":30229,"href":"https:\/\/new.findnews5.com\/index.php?rest_route=\/wp\/v2\/posts\/30227\/revisions\/30229"}],"wp:featuredmedia":[{"embeddable":true,"href":"https:\/\/new.findnews5.com\/index.php?rest_route=\/wp\/v2\/media\/30228"}],"wp:attachment":[{"href":"https:\/\/new.findnews5.com\/index.php?rest_route=%2Fwp%2Fv2%2Fmedia&parent=30227"}],"wp:term":[{"taxonomy":"category","embeddable":true,"href":"https:\/\/new.findnews5.com\/index.php?rest_route=%2Fwp%2Fv2%2Fcategories&post=30227"},{"taxonomy":"post_tag","embeddable":true,"href":"https:\/\/new.findnews5.com\/index.php?rest_route=%2Fwp%2Fv2%2Ftags&post=30227"}],"curies":[{"name":"wp","href":"https:\/\/api.w.org\/{rel}","templated":true}]}}