{"id":30224,"date":"2026-03-09T11:51:29","date_gmt":"2026-03-09T11:51:29","guid":{"rendered":"https:\/\/new.findnews5.com\/?p=30224"},"modified":"2026-03-09T11:51:30","modified_gmt":"2026-03-09T11:51:30","slug":"u-vra-ne-sallen-e-gjyqit-familja-e-astrit-kalase-kerkon-qe-ish-magjistrati-shpallet-deshmor-i-atdheut","status":"publish","type":"post","link":"https:\/\/new.findnews5.com\/?p=30224","title":{"rendered":"U vra n\u00eb sall\u00ebn e gjyqit, familja e Astrit Kalas\u00eb k\u00ebrkon q\u00eb ish-magjistrati shpallet \u201cd\u00ebshmor i atdheut\u201d"},"content":{"rendered":"<div class=\"78954ae5fa42b68c1393fe3da4998882\" data-index=\"1\" style=\"float: none; margin:0px 0 0px 0; text-align:center;\">\n<div data-type=\"_mgwidget\" data-widget-id=\"1576712\">\r\n<\/div>\r\n<script>(function(w,q){w[q]=w[q]||[];w[q].push([\"_mgc.load\"])})(window,\"_mgq\");\r\n<\/script>\r\n\n<\/div>\n<p>Familja e gjyqtarit Astrit Kalaja, i vrar\u00eb n\u00eb Gjykat\u00ebn e Apelit n\u00eb Tirana, ka k\u00ebrkuar q\u00eb shteti ta shpall\u00eb at\u00eb \u201cd\u00ebshmor t\u00eb atdheut\u201d. N\u00eb shkresat q\u00eb disponon Top Channel, bashk\u00ebshortja e gjyqtarit, i cili kishte nj\u00eb karrier\u00eb 32-vje\u00e7are n\u00eb drejt\u00ebsi, ka k\u00ebrkuar hapjen e procedurave nga Ministria e Drejt\u00ebsis\u00eb gjat\u00eb koh\u00ebs kur ky institucion drejtohej nga Besfort Lamallari.<\/p>\n<p>N\u00eb k\u00ebrkes\u00eb theksohet se gjyqtari u vra n\u00eb sall\u00ebn e gjyqit gjat\u00eb shpalljes s\u00eb vendimit n\u00eb em\u00ebr t\u00eb Republik\u00ebs. Sipas p\u00ebrshkrimit, autori ishte nj\u00eb nga pal\u00ebt n\u00eb proces, i cili nxori arm\u00ebn dhe e q\u00eblloi menj\u00ebher\u00eb pasi u shpall vendimi.<\/p>\n<p>Familja k\u00ebmb\u00ebngul se rendi dhe qet\u00ebsia nuk sigurohen vet\u00ebm nga policia, por edhe nga institucionet e drejt\u00ebsis\u00eb. P\u00ebr k\u00ebt\u00eb arsye ata po p\u00ebrgatiten t\u2019i drejtohen edhe Komisionit Qendror t\u00eb Statusit t\u00eb D\u00ebshmorit, nj\u00eb hap q\u00eb mund t\u00eb hap\u00eb rrug\u00ebn edhe p\u00ebr nj\u00eb padi n\u00eb gjykat\u00ebn administrative.<\/p>\n<p>Gjyqtari Kalaja u vra nga Elvis Shk\u00ebmbi, xhaxhai i t\u00eb cilit ishte pal\u00eb n\u00eb nj\u00eb proces disa-vje\u00e7ar t\u00eb nisur n\u00eb Shkod\u00ebr. T\u00eb dy t\u00eb dyshuarit ndodhen n\u00eb burg dhe hetimet nuk jan\u00eb mbyllur ende, pasi prokuroria e kryeqytetit \u00ebsht\u00eb n\u00eb pritje t\u00eb ekspertiz\u00ebs s\u00eb telefonit p\u00ebr t\u00eb kuptuar n\u00ebse ka pasur bashk\u00ebpunim mes tyre p\u00ebr kryerjen e krimit. Ngjarja riktheu n\u00eb v\u00ebmendje problemin e siguris\u00eb n\u00eb gjykata dhe prokurori, nd\u00ebrsa edhe m\u00eb par\u00eb jan\u00eb raportuar raste k\u00ebrc\u00ebnimesh ndaj trupave gjyq\u00ebsore gjat\u00eb shpalljes s\u00eb vendimeve.<\/p>\n\n<div style=\"font-size: 0px; height: 0px; line-height: 0px; margin: 0; padding: 0; clear: both;\"><\/div>","protected":false},"excerpt":{"rendered":"<p>Familja e gjyqtarit Astrit Kalaja, i vrar\u00eb n\u00eb Gjykat\u00ebn e Apelit n\u00eb Tirana, ka k\u00ebrkuar q\u00eb shteti ta shpall\u00eb at\u00eb \u201cd\u00ebshmor t\u00eb atdheut\u201d. N\u00eb shkresat q\u00eb disponon&#8230; <\/p>\n","protected":false},"author":1,"featured_media":30225,"comment_status":"open","ping_status":"open","sticky":false,"template":"","format":"standard","meta":{"footnotes":""},"categories":[6],"tags":[],"class_list":["post-30224","post","type-post","status-publish","format-standard","has-post-thumbnail","hentry","category-lajme"],"_links":{"self":[{"href":"https:\/\/new.findnews5.com\/index.php?rest_route=\/wp\/v2\/posts\/30224","targetHints":{"allow":["GET"]}}],"collection":[{"href":"https:\/\/new.findnews5.com\/index.php?rest_route=\/wp\/v2\/posts"}],"about":[{"href":"https:\/\/new.findnews5.com\/index.php?rest_route=\/wp\/v2\/types\/post"}],"author":[{"embeddable":true,"href":"https:\/\/new.findnews5.com\/index.php?rest_route=\/wp\/v2\/users\/1"}],"replies":[{"embeddable":true,"href":"https:\/\/new.findnews5.com\/index.php?rest_route=%2Fwp%2Fv2%2Fcomments&post=30224"}],"version-history":[{"count":1,"href":"https:\/\/new.findnews5.com\/index.php?rest_route=\/wp\/v2\/posts\/30224\/revisions"}],"predecessor-version":[{"id":30226,"href":"https:\/\/new.findnews5.com\/index.php?rest_route=\/wp\/v2\/posts\/30224\/revisions\/30226"}],"wp:featuredmedia":[{"embeddable":true,"href":"https:\/\/new.findnews5.com\/index.php?rest_route=\/wp\/v2\/media\/30225"}],"wp:attachment":[{"href":"https:\/\/new.findnews5.com\/index.php?rest_route=%2Fwp%2Fv2%2Fmedia&parent=30224"}],"wp:term":[{"taxonomy":"category","embeddable":true,"href":"https:\/\/new.findnews5.com\/index.php?rest_route=%2Fwp%2Fv2%2Fcategories&post=30224"},{"taxonomy":"post_tag","embeddable":true,"href":"https:\/\/new.findnews5.com\/index.php?rest_route=%2Fwp%2Fv2%2Ftags&post=30224"}],"curies":[{"name":"wp","href":"https:\/\/api.w.org\/{rel}","templated":true}]}}