{"id":30221,"date":"2026-03-09T11:49:40","date_gmt":"2026-03-09T11:49:40","guid":{"rendered":"https:\/\/new.findnews5.com\/?p=30221"},"modified":"2026-03-09T11:49:41","modified_gmt":"2026-03-09T11:49:41","slug":"situata-politike-reagon-familja-jashari-largojeni","status":"publish","type":"post","link":"https:\/\/new.findnews5.com\/?p=30221","title":{"rendered":"Situata politike, reagon Familja Jashari: Largojeni\u2026!"},"content":{"rendered":"<div class=\"78954ae5fa42b68c1393fe3da4998882\" data-index=\"1\" style=\"float: none; margin:0px 0 0px 0; text-align:center;\">\n<div data-type=\"_mgwidget\" data-widget-id=\"1576712\">\r\n<\/div>\r\n<script>(function(w,q){w[q]=w[q]||[];w[q].push([\"_mgc.load\"])})(window,\"_mgq\");\r\n<\/script>\r\n\n<\/div>\n<p>Rifat Jashari ka reaguar lidhur me zhvillimet e fundit n\u00eb sken\u00ebn politike n\u00eb Kosovo, duke b\u00ebr\u00eb thirrje p\u00ebr m\u00eb shum\u00eb unitet dhe m\u00eb pak p\u00ebr\u00e7arje mes akter\u00ebve politik\u00eb. Komentet e tij kan\u00eb t\u00ebrhequr v\u00ebmendje, pasi vijn\u00eb n\u00eb nj\u00eb moment t\u00eb ndjesh\u00ebm p\u00ebr politik\u00ebn n\u00eb vend.<\/p>\n<p>N\u00eb nj\u00eb deklarat\u00eb t\u00eb shkurt\u00ebr, ai theksoi se n\u00eb k\u00ebt\u00eb koh\u00eb \u00ebsht\u00eb e nevojshme q\u00eb t\u00eb ulen tensionet dhe t\u00eb hiqet xhelozia mes pal\u00ebve politike, n\u00eb m\u00ebnyr\u00eb q\u00eb vendi t\u00eb mund t\u00eb ec\u00eb p\u00ebrpara dhe t\u00eb p\u00ebrballet me sfidat q\u00eb ka p\u00ebrpara.<\/p>\n<p>\u201cDuhet me hek pak xhelozin\u00eb, pak at\u00eb e pak at\u00eb, edhe me rrug\u00ebtu s\u00eb bashku\u201d, \u00ebsht\u00eb shprehur Jashari, duke l\u00ebn\u00eb t\u00eb kuptohet se bashk\u00ebpunimi dhe mir\u00ebkuptimi jan\u00eb t\u00eb domosdoshme p\u00ebr stabilitetin politik dhe p\u00ebr zhvillimin e vendit.<\/p>\n<p>Deklarata e tij vjen n\u00eb nj\u00eb moment kur skena politike n\u00eb Kosov\u00eb po p\u00ebrballet me p\u00ebrplasje dhe debate t\u00eb shumta mes institucioneve dhe partive politike. Thirrja p\u00ebr unitet nga figura t\u00eb respektuara publike shpesh shihet si nj\u00eb mesazh p\u00ebr uljen e tensioneve dhe p\u00ebr fokusim m\u00eb t\u00eb madh n\u00eb interesin e p\u00ebrgjithsh\u00ebm t\u00eb shtetit.<\/p>\n\n<div style=\"font-size: 0px; height: 0px; line-height: 0px; margin: 0; padding: 0; clear: both;\"><\/div>","protected":false},"excerpt":{"rendered":"<p>Rifat Jashari ka reaguar lidhur me zhvillimet e fundit n\u00eb sken\u00ebn politike n\u00eb Kosovo, duke b\u00ebr\u00eb thirrje p\u00ebr m\u00eb shum\u00eb unitet dhe m\u00eb pak p\u00ebr\u00e7arje mes akter\u00ebve&#8230; <\/p>\n","protected":false},"author":1,"featured_media":30222,"comment_status":"open","ping_status":"open","sticky":false,"template":"","format":"standard","meta":{"footnotes":""},"categories":[6],"tags":[],"class_list":["post-30221","post","type-post","status-publish","format-standard","has-post-thumbnail","hentry","category-lajme"],"_links":{"self":[{"href":"https:\/\/new.findnews5.com\/index.php?rest_route=\/wp\/v2\/posts\/30221","targetHints":{"allow":["GET"]}}],"collection":[{"href":"https:\/\/new.findnews5.com\/index.php?rest_route=\/wp\/v2\/posts"}],"about":[{"href":"https:\/\/new.findnews5.com\/index.php?rest_route=\/wp\/v2\/types\/post"}],"author":[{"embeddable":true,"href":"https:\/\/new.findnews5.com\/index.php?rest_route=\/wp\/v2\/users\/1"}],"replies":[{"embeddable":true,"href":"https:\/\/new.findnews5.com\/index.php?rest_route=%2Fwp%2Fv2%2Fcomments&post=30221"}],"version-history":[{"count":1,"href":"https:\/\/new.findnews5.com\/index.php?rest_route=\/wp\/v2\/posts\/30221\/revisions"}],"predecessor-version":[{"id":30223,"href":"https:\/\/new.findnews5.com\/index.php?rest_route=\/wp\/v2\/posts\/30221\/revisions\/30223"}],"wp:featuredmedia":[{"embeddable":true,"href":"https:\/\/new.findnews5.com\/index.php?rest_route=\/wp\/v2\/media\/30222"}],"wp:attachment":[{"href":"https:\/\/new.findnews5.com\/index.php?rest_route=%2Fwp%2Fv2%2Fmedia&parent=30221"}],"wp:term":[{"taxonomy":"category","embeddable":true,"href":"https:\/\/new.findnews5.com\/index.php?rest_route=%2Fwp%2Fv2%2Fcategories&post=30221"},{"taxonomy":"post_tag","embeddable":true,"href":"https:\/\/new.findnews5.com\/index.php?rest_route=%2Fwp%2Fv2%2Ftags&post=30221"}],"curies":[{"name":"wp","href":"https:\/\/api.w.org\/{rel}","templated":true}]}}