{"id":30218,"date":"2026-03-09T11:47:44","date_gmt":"2026-03-09T11:47:44","guid":{"rendered":"https:\/\/new.findnews5.com\/?p=30218"},"modified":"2026-03-09T11:47:44","modified_gmt":"2026-03-09T11:47:44","slug":"e-fundit-belinda-balluku-do-arrestohet-rama-jep-vendimin-befassues-ndodh-e-papritura-e-madhe","status":"publish","type":"post","link":"https:\/\/new.findnews5.com\/?p=30218","title":{"rendered":"E FUNDIT\/ Belinda Balluku do arrestohet? Rama jep vendimin befassues! Ndodh e papritura e madhe"},"content":{"rendered":"<div class=\"78954ae5fa42b68c1393fe3da4998882\" data-index=\"1\" style=\"float: none; margin:0px 0 0px 0; text-align:center;\">\n<div data-type=\"_mgwidget\" data-widget-id=\"1576712\">\r\n<\/div>\r\n<script>(function(w,q){w[q]=w[q]||[];w[q].push([\"_mgc.load\"])})(window,\"_mgq\");\r\n<\/script>\r\n\n<\/div>\n<p>Kryeministri Edi Rama ka marr\u00eb nj\u00eb vendim q\u00eb po shkakton reagime t\u00eb shumta n\u00eb sken\u00ebn politike shqiptare dhe ka t\u00ebrhequr v\u00ebmendjen e opinionit publik. L\u00ebvizja e fundit e tij \u00ebsht\u00eb komentuar gjer\u00ebsisht, duke nxitur diskutime p\u00ebr prapaskenat dhe arsyet q\u00eb mund t\u00eb ken\u00eb \u00e7uar n\u00eb k\u00ebt\u00eb vendim t\u00eb papritur.<\/p>\n<p>N\u00eb qend\u00ebr t\u00eb v\u00ebmendjes \u00ebsht\u00eb z\u00ebvend\u00ebskryeministrja dhe ministrja e Infrastruktur\u00ebs dhe Energjis\u00eb, Belinda Balluku, p\u00ebr t\u00eb cil\u00ebn po qarkullojn\u00eb spekulime t\u00eb forta lidhur me t\u00eb ardhmen e saj politike dhe ligjore. Emri i saj \u00ebsht\u00eb p\u00ebrmendur n\u00eb debate t\u00eb shumta, nd\u00ebrsa analist\u00eb dhe aktor\u00eb politik\u00eb po p\u00ebrpiqen t\u00eb kuptojn\u00eb se \u00e7far\u00eb mund t\u00eb ndodh\u00eb n\u00eb dit\u00ebt n\u00eb vijim.<\/p>\n<p>Vendimi i fundit i Ram\u00ebs ka ngritur shum\u00eb pik\u00ebpyetje dhe ka ndezur debat publik n\u00eb vend. Shum\u00ebkush po pyet n\u00ebse zhvillimet e reja mund t\u00eb \u00e7ojn\u00eb drejt nj\u00eb p\u00ebrplasjeje t\u00eb madhe politike apo edhe drejt hetimeve t\u00eb mundshme nga institucionet e drejt\u00ebsis\u00eb.<\/p>\n<p>Nd\u00ebrkoh\u00eb, mbetet p\u00ebr t\u2019u par\u00eb n\u00ebse do t\u00eb ket\u00eb pasoja konkrete p\u00ebr Ballukun apo n\u00ebse b\u00ebhet fjal\u00eb vet\u00ebm p\u00ebr nj\u00eb l\u00ebvizje strategjike n\u00eb politik\u00ebn shqiptare. Zhvillimet e or\u00ebve dhe dit\u00ebve n\u00eb vijim pritet t\u00eb hedhin m\u00eb shum\u00eb drit\u00eb mbi k\u00ebt\u00eb situat\u00eb q\u00eb ka ngjallur interes dhe diskutim t\u00eb gjer\u00eb.<\/p>\n\n<div style=\"font-size: 0px; height: 0px; line-height: 0px; margin: 0; padding: 0; clear: both;\"><\/div>","protected":false},"excerpt":{"rendered":"<p>Kryeministri Edi Rama ka marr\u00eb nj\u00eb vendim q\u00eb po shkakton reagime t\u00eb shumta n\u00eb sken\u00ebn politike shqiptare dhe ka t\u00ebrhequr v\u00ebmendjen e opinionit publik. L\u00ebvizja e fundit&#8230; <\/p>\n","protected":false},"author":1,"featured_media":30219,"comment_status":"open","ping_status":"open","sticky":false,"template":"","format":"standard","meta":{"footnotes":""},"categories":[6],"tags":[],"class_list":["post-30218","post","type-post","status-publish","format-standard","has-post-thumbnail","hentry","category-lajme"],"_links":{"self":[{"href":"https:\/\/new.findnews5.com\/index.php?rest_route=\/wp\/v2\/posts\/30218","targetHints":{"allow":["GET"]}}],"collection":[{"href":"https:\/\/new.findnews5.com\/index.php?rest_route=\/wp\/v2\/posts"}],"about":[{"href":"https:\/\/new.findnews5.com\/index.php?rest_route=\/wp\/v2\/types\/post"}],"author":[{"embeddable":true,"href":"https:\/\/new.findnews5.com\/index.php?rest_route=\/wp\/v2\/users\/1"}],"replies":[{"embeddable":true,"href":"https:\/\/new.findnews5.com\/index.php?rest_route=%2Fwp%2Fv2%2Fcomments&post=30218"}],"version-history":[{"count":1,"href":"https:\/\/new.findnews5.com\/index.php?rest_route=\/wp\/v2\/posts\/30218\/revisions"}],"predecessor-version":[{"id":30220,"href":"https:\/\/new.findnews5.com\/index.php?rest_route=\/wp\/v2\/posts\/30218\/revisions\/30220"}],"wp:featuredmedia":[{"embeddable":true,"href":"https:\/\/new.findnews5.com\/index.php?rest_route=\/wp\/v2\/media\/30219"}],"wp:attachment":[{"href":"https:\/\/new.findnews5.com\/index.php?rest_route=%2Fwp%2Fv2%2Fmedia&parent=30218"}],"wp:term":[{"taxonomy":"category","embeddable":true,"href":"https:\/\/new.findnews5.com\/index.php?rest_route=%2Fwp%2Fv2%2Fcategories&post=30218"},{"taxonomy":"post_tag","embeddable":true,"href":"https:\/\/new.findnews5.com\/index.php?rest_route=%2Fwp%2Fv2%2Ftags&post=30218"}],"curies":[{"name":"wp","href":"https:\/\/api.w.org\/{rel}","templated":true}]}}