{"id":30214,"date":"2026-03-05T09:18:42","date_gmt":"2026-03-05T09:18:42","guid":{"rendered":"https:\/\/new.findnews5.com\/?p=30214"},"modified":"2026-03-05T09:18:43","modified_gmt":"2026-03-05T09:18:43","slug":"lajm-i-fundit-berisha-edi-rama-te-jape-doreheqjen-rrezikon-60-vite-burg","status":"publish","type":"post","link":"https:\/\/new.findnews5.com\/?p=30214","title":{"rendered":"Lajm i Fundit\/ Berisha: Edi Rama t\u00eb jap\u00eb dor\u00ebheqjen! Rrezikon 60 vite burg&#8230;"},"content":{"rendered":"<div class=\"78954ae5fa42b68c1393fe3da4998882\" data-index=\"1\" style=\"float: none; margin:0px 0 0px 0; text-align:center;\">\n<div data-type=\"_mgwidget\" data-widget-id=\"1576712\">\r\n<\/div>\r\n<script>(function(w,q){w[q]=w[q]||[];w[q].push([\"_mgc.load\"])})(window,\"_mgq\");\r\n<\/script>\r\n\n<\/div>\n<p>Sali Berisha akuzoi kryeministrin Edi Rama se ka uzurpuar postin e kryeministrit dhe k\u00ebrkoi dor\u00ebheqjen e tij.<\/p>\n<p>Gjat\u00eb nj\u00eb konference p\u00ebr mediat, Berisha deklaroi se Rama q\u00ebndron n\u00eb pushtet n\u00eb kund\u00ebrshtim me kushtetut\u00ebn dhe ligjet e vendit, duke e p\u00ebrshkruar situat\u00ebn si nj\u00eb uzurpim t\u00eb qart\u00eb t\u00eb pushtetit.<\/p>\n<p>Sipas tij, n\u00eb momentin q\u00eb Rama largohet nga posti, ai rrezikon shum\u00eb vite burg p\u00ebr veprimet e tij. Berisha theksoi se kryeministri \u00ebsht\u00eb i mbrojtur nga krimi dhe droga nd\u00ebrsa q\u00ebndron n\u00eb detyr\u00eb dhe se q\u00ebndrimi i tij n\u00eb pushtet ka p\u00ebr q\u00ebllim mbrojtjen e vjedhjeve t\u00eb qindra miliona eurove t\u00eb shqiptar\u00ebve.<\/p>\n<p>\u201cN\u00eb em\u00ebr t\u00eb Partia Demokratike e Shqip\u00ebris\u00eb rip\u00ebrs\u00ebris k\u00ebrkes\u00ebn e prer\u00eb t\u00eb dor\u00ebheqjes s\u00eb Edi Ram\u00ebs si uzurpator i postit t\u00eb kryeministrit. Rama q\u00ebndron n\u00eb pushtet mbi krimin dhe drog\u00ebn. N\u00eb kund\u00ebrshtim me kushtetut\u00ebn dhe ligjet e vendit,\u201d tha Berisha.<\/p>\n<p>Ai shtoi se pas largimit nga detyra, pasojat penale p\u00ebr Ram\u00ebn do t\u00eb jen\u00eb t\u00eb r\u00ebnda: \u201cN\u00eb momentin e largimit nga ajo karrige ai p\u00ebrfundon; vet\u00ebm p\u00ebr Portin e Durr\u00ebsit jan\u00eb t\u00eb pakt\u00ebn 60 vite burg. Djeg\u00ebsi i Tiran\u00ebs\u2026 Rama meriton t\u00eb kaloj\u00eb 3 jet\u00eb n\u00eb burg p\u00ebr vjedhjet q\u00eb ka b\u00ebr\u00eb.\u201d<\/p>\n<p>Deklarata e Berish\u00ebs ka ngjallur reagime t\u00eb shumta n\u00eb sken\u00ebn politike dhe n\u00eb opinionin publik, duke intensifikuar debatet mbi p\u00ebrgjegj\u00ebsit\u00eb penale dhe legjitimitetin e qeverisjes aktuale n\u00eb Shqip\u00ebria.<\/p>\n\n<div style=\"font-size: 0px; height: 0px; line-height: 0px; margin: 0; padding: 0; clear: both;\"><\/div>","protected":false},"excerpt":{"rendered":"<p>Sali Berisha akuzoi kryeministrin Edi Rama se ka uzurpuar postin e kryeministrit dhe k\u00ebrkoi dor\u00ebheqjen e tij. Gjat\u00eb nj\u00eb konference p\u00ebr mediat, Berisha deklaroi se Rama q\u00ebndron&#8230; <\/p>\n","protected":false},"author":1,"featured_media":30215,"comment_status":"open","ping_status":"open","sticky":false,"template":"","format":"standard","meta":{"footnotes":""},"categories":[6],"tags":[],"class_list":["post-30214","post","type-post","status-publish","format-standard","has-post-thumbnail","hentry","category-lajme"],"_links":{"self":[{"href":"https:\/\/new.findnews5.com\/index.php?rest_route=\/wp\/v2\/posts\/30214","targetHints":{"allow":["GET"]}}],"collection":[{"href":"https:\/\/new.findnews5.com\/index.php?rest_route=\/wp\/v2\/posts"}],"about":[{"href":"https:\/\/new.findnews5.com\/index.php?rest_route=\/wp\/v2\/types\/post"}],"author":[{"embeddable":true,"href":"https:\/\/new.findnews5.com\/index.php?rest_route=\/wp\/v2\/users\/1"}],"replies":[{"embeddable":true,"href":"https:\/\/new.findnews5.com\/index.php?rest_route=%2Fwp%2Fv2%2Fcomments&post=30214"}],"version-history":[{"count":1,"href":"https:\/\/new.findnews5.com\/index.php?rest_route=\/wp\/v2\/posts\/30214\/revisions"}],"predecessor-version":[{"id":30216,"href":"https:\/\/new.findnews5.com\/index.php?rest_route=\/wp\/v2\/posts\/30214\/revisions\/30216"}],"wp:featuredmedia":[{"embeddable":true,"href":"https:\/\/new.findnews5.com\/index.php?rest_route=\/wp\/v2\/media\/30215"}],"wp:attachment":[{"href":"https:\/\/new.findnews5.com\/index.php?rest_route=%2Fwp%2Fv2%2Fmedia&parent=30214"}],"wp:term":[{"taxonomy":"category","embeddable":true,"href":"https:\/\/new.findnews5.com\/index.php?rest_route=%2Fwp%2Fv2%2Fcategories&post=30214"},{"taxonomy":"post_tag","embeddable":true,"href":"https:\/\/new.findnews5.com\/index.php?rest_route=%2Fwp%2Fv2%2Ftags&post=30214"}],"curies":[{"name":"wp","href":"https:\/\/api.w.org\/{rel}","templated":true}]}}