{"id":30208,"date":"2026-03-05T09:13:02","date_gmt":"2026-03-05T09:13:02","guid":{"rendered":"https:\/\/new.findnews5.com\/?p=30208"},"modified":"2026-03-05T09:13:03","modified_gmt":"2026-03-05T09:13:03","slug":"teologia-merjem-lumi-heq-shamine-le-fene-dhe-ben-rrefimin-e-papritur","status":"publish","type":"post","link":"https:\/\/new.findnews5.com\/?p=30208","title":{"rendered":"TEOLOGIA MERJEM LUMI HEQ SHAMIN\u00cb, L\u00cb FEN\u00cb DHE B\u00cbN RR\u00cbFIMIN E PAPRITUR"},"content":{"rendered":"<div class=\"78954ae5fa42b68c1393fe3da4998882\" data-index=\"1\" style=\"float: none; margin:0px 0 0px 0; text-align:center;\">\n<div data-type=\"_mgwidget\" data-widget-id=\"1576712\">\r\n<\/div>\r\n<script>(function(w,q){w[q]=w[q]||[];w[q].push([\"_mgc.load\"])})(window,\"_mgq\");\r\n<\/script>\r\n\n<\/div>\n<p>Merjem Lumi, nj\u00eb nga figurat m\u00eb t\u00eb njohura t\u00eb predikimit islam n\u00eb rrjetet sociale shqiptare, \u00ebsht\u00eb rikthyer n\u00eb v\u00ebmendjen e publikut me nj\u00eb rr\u00ebfim personal q\u00eb ka surprizuar dhe prekur shum\u00eb njer\u00ebz. Ajo \u00ebsht\u00eb shfaqur pa shami dhe \u00ebsht\u00eb prezantuar me nj\u00eb identitet t\u00eb ri \u2013 Maria, emri q\u00eb i kishte vendosur gjyshja para se ajo t\u00eb konvertohej n\u00eb Islam n\u00eb mosh\u00ebn 13-vje\u00e7are.<\/p>\n<p>Pas 24 vitesh p\u00ebrkushtim fetar, studimesh n\u00eb Damask dhe nj\u00eb angazhimi t\u00eb gjat\u00eb n\u00eb rrjetet sociale p\u00ebr t\u00eb p\u00ebrhapur mesazhe besimi, ajo thot\u00eb se ka kaluar vitin m\u00eb t\u00eb v\u00ebshtir\u00eb t\u00eb jet\u00ebs s\u00eb saj. \u201cNuk jam kthyer e krishter\u00eb,\u201d shprehet ajo, duke theksuar se gjithashtu nuk \u00ebsht\u00eb m\u00eb personi q\u00eb ishte m\u00eb par\u00eb.<\/p>\n<p>Sipas rr\u00ebfimit t\u00eb saj, pas t\u00ebrheqjes nga rrjetet sociale dhe polemikave q\u00eb pasuan, ajo p\u00ebrjetoi nj\u00eb kriz\u00eb t\u00eb thell\u00eb emocionale dhe identitare. Maria flet p\u00ebr zhg\u00ebnjim, ndjenj\u00eb tradhtie, bullizim masiv dhe pyetje t\u00eb forta shpirt\u00ebrore q\u00eb e kan\u00eb shoq\u00ebruar gjat\u00eb k\u00ebsaj periudhe.<\/p>\n<p>N\u00eb reflektimet e saj ajo thot\u00eb se p\u00ebr nj\u00eb koh\u00eb t\u00eb gjat\u00eb kishte besuar se ishte n\u00eb sh\u00ebrbim t\u00eb Zotit dhe se kishte nd\u00ebrtuar jet\u00ebn mbi bindjet e saj fetare. Megjithat\u00eb, pas ngjarjeve t\u00eb vitit t\u00eb fundit, ajo shprehet se shum\u00eb nga bindjet dhe siguria q\u00eb kishte ndjer\u00eb m\u00eb par\u00eb jan\u00eb l\u00ebkundur.<\/p>\n<p>\u201cMerjeme nuk pati mund\u00ebsi t\u2019ia dal\u00eb. Vdiq. Ajo q\u00eb mbeti jan\u00eb vet\u00ebm pyetjet,\u201d thot\u00eb ajo, duke e p\u00ebrshkruar k\u00ebt\u00eb periudh\u00eb si nj\u00eb kriz\u00eb t\u00eb thell\u00eb identiteti dhe reflektimi personal.<\/p>\n<p>Sot ajo shprehet se nuk \u00ebsht\u00eb m\u00eb e lidhur me bindjet e saj t\u00eb m\u00ebparshme n\u00eb t\u00eb nj\u00ebjt\u00ebn m\u00ebnyr\u00eb, por \u00ebsht\u00eb n\u00eb k\u00ebrkim t\u00eb nj\u00eb marr\u00ebdh\u00ebnieje t\u00eb re me Zotin, \u201cpa dogma, pa etiketa dhe pa presion\u201d. Rr\u00ebfimi i saj ka shkaktuar reagime t\u00eb shumta n\u00eb rrjetet sociale, duke ndar\u00eb opinionin mes mb\u00ebshtetjes dhe kritikave.<\/p>\n\n<div style=\"font-size: 0px; height: 0px; line-height: 0px; margin: 0; padding: 0; clear: both;\"><\/div>","protected":false},"excerpt":{"rendered":"<p>Merjem Lumi, nj\u00eb nga figurat m\u00eb t\u00eb njohura t\u00eb predikimit islam n\u00eb rrjetet sociale shqiptare, \u00ebsht\u00eb rikthyer n\u00eb v\u00ebmendjen e publikut me nj\u00eb rr\u00ebfim personal q\u00eb ka&#8230; <\/p>\n","protected":false},"author":1,"featured_media":30209,"comment_status":"open","ping_status":"open","sticky":false,"template":"","format":"standard","meta":{"footnotes":""},"categories":[6],"tags":[],"class_list":["post-30208","post","type-post","status-publish","format-standard","has-post-thumbnail","hentry","category-lajme"],"_links":{"self":[{"href":"https:\/\/new.findnews5.com\/index.php?rest_route=\/wp\/v2\/posts\/30208","targetHints":{"allow":["GET"]}}],"collection":[{"href":"https:\/\/new.findnews5.com\/index.php?rest_route=\/wp\/v2\/posts"}],"about":[{"href":"https:\/\/new.findnews5.com\/index.php?rest_route=\/wp\/v2\/types\/post"}],"author":[{"embeddable":true,"href":"https:\/\/new.findnews5.com\/index.php?rest_route=\/wp\/v2\/users\/1"}],"replies":[{"embeddable":true,"href":"https:\/\/new.findnews5.com\/index.php?rest_route=%2Fwp%2Fv2%2Fcomments&post=30208"}],"version-history":[{"count":1,"href":"https:\/\/new.findnews5.com\/index.php?rest_route=\/wp\/v2\/posts\/30208\/revisions"}],"predecessor-version":[{"id":30210,"href":"https:\/\/new.findnews5.com\/index.php?rest_route=\/wp\/v2\/posts\/30208\/revisions\/30210"}],"wp:featuredmedia":[{"embeddable":true,"href":"https:\/\/new.findnews5.com\/index.php?rest_route=\/wp\/v2\/media\/30209"}],"wp:attachment":[{"href":"https:\/\/new.findnews5.com\/index.php?rest_route=%2Fwp%2Fv2%2Fmedia&parent=30208"}],"wp:term":[{"taxonomy":"category","embeddable":true,"href":"https:\/\/new.findnews5.com\/index.php?rest_route=%2Fwp%2Fv2%2Fcategories&post=30208"},{"taxonomy":"post_tag","embeddable":true,"href":"https:\/\/new.findnews5.com\/index.php?rest_route=%2Fwp%2Fv2%2Ftags&post=30208"}],"curies":[{"name":"wp","href":"https:\/\/api.w.org\/{rel}","templated":true}]}}